{"id":3995,"date":"2023-03-29T19:45:00","date_gmt":"2023-03-29T17:45:00","guid":{"rendered":"https:\/\/ligalibe.cz\/?p=3995"},"modified":"2023-03-29T19:45:00","modified_gmt":"2023-03-29T17:45:00","slug":"otazky-ligy-libe-pro-resort-mzp","status":"publish","type":"post","link":"https:\/\/ligalibe.cz\/en\/2023\/03\/29\/otazky-ligy-libe-pro-resort-mzp\/","title":{"rendered":"Ot\u00e1zky Ligy Libe pro resort M\u017dP"},"content":{"rendered":"\n<p>POZOR! V\u00e1\u017een\u00ed,<\/p>\n\n\n\n<p>v souvislosti se sch\u016fzkou, kterou sjednala cca p\u0159ed m\u011bs\u00edcem na\u0161e Liga Libe na <a href=\"https:\/\/www.facebook.com\/MinisterstvoZP?__cft__[0]=AZXXTDo6Fq6IfPLyPHo_kM1kh0Q27b_ef4gZuOnkAmQgRmnea6XtyhxGSS_X6Av9CIpX7dRvUM4HNzEw65UvPhrPx9TGAz-Zrr3l59txe8mFVDjeagXqsDEw6u7F4BaPTN2ee3PbC1CcqJcZPlsO1zQf&amp;__tn__=-]K-R\">Ministerstvo \u017eivotn\u00edho prost\u0159ed\u00ed<\/a> jsme ve spolupr\u00e1ci s <a href=\"https:\/\/www.facebook.com\/cmmjcz?__cft__[0]=AZXXTDo6Fq6IfPLyPHo_kM1kh0Q27b_ef4gZuOnkAmQgRmnea6XtyhxGSS_X6Av9CIpX7dRvUM4HNzEw65UvPhrPx9TGAz-Zrr3l59txe8mFVDjeagXqsDEw6u7F4BaPTN2ee3PbC1CcqJcZPlsO1zQf&amp;__tn__=-]K-R\">\u010ceskomoravsk\u00e1 mysliveck\u00e1 jednota<\/a> dle dohody s ministrem <a href=\"https:\/\/www.facebook.com\/hladik.kdu?__cft__[0]=AZXXTDo6Fq6IfPLyPHo_kM1kh0Q27b_ef4gZuOnkAmQgRmnea6XtyhxGSS_X6Av9CIpX7dRvUM4HNzEw65UvPhrPx9TGAz-Zrr3l59txe8mFVDjeagXqsDEw6u7F4BaPTN2ee3PbC1CcqJcZPlsO1zQf&amp;__tn__=-]K-R\">Petr Hlad\u00edk<\/a> koncipovali ty neo\u017eehav\u011bj\u0161\u00ed ot\u00e1zky, na kter\u00e9 odpov\u011bdi budou bezpochyby zaj\u00edmat statis\u00edce \u010desk\u00fdch myslivc\u016f a st\u0159elc\u016f, kter\u00fdch se \u017eel nov\u00e9 z\u00e1kazy olova &#8222;na mok\u0159adech&#8220; t\u00fdkaj\u00ed a kte\u0159\u00ed budou tato nov\u00e1 omezen\u00ed v praxi bezpochyby poci\u0165ovat&#8230;<\/p>\n\n\n\n<p>Doufejme, \u017ee tyto ofici\u00e1ln\u00ed v\u00fdklady tohoto ministerstva p\u0159isp\u011bj\u00ed k \u0159e\u0161en\u00ed pr\u00e1vn\u00ed nejistoty, kter\u00e1 nyn\u00ed ohledn\u011b t\u00e9to v\u011bci panuje.<\/p>\n\n\n\n<p>PS: jinak, pr\u00e1v\u011b v\u010dera dorazily z Bruselu dal\u0161\u00ed informace o tom, \u017ee se pr\u00e1v\u011b nyn\u00ed ji\u017e maj\u00ed zpracov\u00e1vat konkr\u00e9tn\u00ed n\u00e1vrhy na Z\u00c1KAZY OLOVA PLO\u0160N\u00c9, V\u0160EOBECN\u00c9 A DEFINITIVN\u00cd.<\/p>\n\n\n\n<p>Budeme tedy proto co nejd\u0159\u00edve iniciovat dal\u0161\u00ed jedn\u00e1n\u00ed s panem ministrem a jeho za toto odpov\u011bdn\u00fdmi \u00fa\u0159edn\u00edky, kte\u0159\u00ed maj\u00ed n\u00e1sledn\u00e9 projedn\u00e1v\u00e1n\u00ed v r\u00e1mci EU p\u0159\u00edmo v gesci. A v\u011b\u0159\u00edme, \u017ee ODM\u00cdTAV\u00c9 STANOVISKO t\u011bmto nesmysln\u00fdm, ni\u010d\u00edm v\u011bdecky a odborn\u011b neopodstatn\u011bn\u00fdm Z\u00c1KAZ\u016eM OLOVA, podpo\u0159en\u00e9 v minulosti jak Sn\u011bmovnou, Sen\u00e1tem, prezidentem \u010cR, tak i jejich ministerstvem, bude i nad\u00e1le tvrd\u011b prosazov\u00e1no na mezin\u00e1rodn\u00edm poli, kde se bude o t\u011bchto restrikc\u00edch, maj\u00edc\u00edch sotva p\u0159edstaviteln\u011b destruktivn\u00ed dopady na z\u00e1jmy, kon\u00ed\u010dky a hobby milion\u016f lid\u00ed v \u010cR, rozhodovat&#8230;<\/p>\n\n\n\n<p>Prost\u011b, jde skute\u010dn\u011b o mnoho&#8230; Ned\u00e1me se, ne?<\/p>\n\n\n\n<figure class=\"wp-block-embed is-type-rich is-provider-obsluzna-rutina-kodu-pro-vlozeni wp-block-embed-obsluzna-rutina-kodu-pro-vlozeni\"><div class=\"wp-block-embed__wrapper\">\n<div class=\"fb-post\" data-href=\"https:\/\/www.facebook.com\/LIGA.LIBE\/posts\/pfbid09bzmpjeJKLk6g7NnscwBAsTQsjm8hkeiPwpm6HcMfxYzb7J7G8UawQpwwDaSs8M7l\" data-width=\"552\" style=\"background-color: #fff; display: inline-block;\"><\/div>\n<\/div><\/figure>\n","protected":false},"excerpt":{"rendered":"<p>POZOR! V\u00e1\u017een\u00ed, v souvislosti se sch\u016fzkou, kterou sjednala cca p\u0159ed m\u011bs\u00edcem na\u0161e Liga Libe na Ministerstvo \u017eivotn\u00edho prost\u0159ed\u00ed jsme ve&#x2026; <\/p>\n<p class=\"more-link-container th-text-xs th-links-inherit th-uppercase\"><a href=\"https:\/\/ligalibe.cz\/en\/2023\/03\/29\/otazky-ligy-libe-pro-resort-mzp\/\" class=\"more-link\">Read More <span class=\"screen-reader-text\">Ot\u00e1zky Ligy Libe pro resort M\u017dP<\/span><\/a><\/p>","protected":false},"author":140239199,"featured_media":0,"comment_status":"open","ping_status":"open","sticky":false,"template":"","format":"standard","meta":{"_jetpack_newsletter_access":"","_jetpack_dont_email_post_to_subs":false,"_jetpack_newsletter_tier_id":0,"_jetpack_memberships_contains_paywalled_content":false,"_jetpack_memberships_contains_paid_content":false,"footnotes":"","jetpack_publicize_message":"","jetpack_publicize_feature_enabled":true,"jetpack_social_post_already_shared":true,"jetpack_social_options":{"image_generator_settings":{"template":"highway","default_image_id":0,"font":"","enabled":false},"version":2},"_wpas_customize_per_network":false,"jetpack_post_was_ever_published":false},"categories":[438743],"tags":[],"class_list":["post-3995","post","type-post","status-publish","format-standard","hentry","category-aktuality"],"jetpack_publicize_connections":[],"jetpack_featured_media_url":"","jetpack_likes_enabled":true,"jetpack_sharing_enabled":true,"jetpack_shortlink":"https:\/\/wp.me\/p9ZdzN-12r","amp_enabled":true,"_links":{"self":[{"href":"https:\/\/ligalibe.cz\/en\/wp-json\/wp\/v2\/posts\/3995","targetHints":{"allow":["GET"]}}],"collection":[{"href":"https:\/\/ligalibe.cz\/en\/wp-json\/wp\/v2\/posts"}],"about":[{"href":"https:\/\/ligalibe.cz\/en\/wp-json\/wp\/v2\/types\/post"}],"author":[{"embeddable":true,"href":"https:\/\/ligalibe.cz\/en\/wp-json\/wp\/v2\/users\/140239199"}],"replies":[{"embeddable":true,"href":"https:\/\/ligalibe.cz\/en\/wp-json\/wp\/v2\/comments?post=3995"}],"version-history":[{"count":1,"href":"https:\/\/ligalibe.cz\/en\/wp-json\/wp\/v2\/posts\/3995\/revisions"}],"predecessor-version":[{"id":3996,"href":"https:\/\/ligalibe.cz\/en\/wp-json\/wp\/v2\/posts\/3995\/revisions\/3996"}],"wp:attachment":[{"href":"https:\/\/ligalibe.cz\/en\/wp-json\/wp\/v2\/media?parent=3995"}],"wp:term":[{"taxonomy":"category","embeddable":true,"href":"https:\/\/ligalibe.cz\/en\/wp-json\/wp\/v2\/categories?post=3995"},{"taxonomy":"post_tag","embeddable":true,"href":"https:\/\/ligalibe.cz\/en\/wp-json\/wp\/v2\/tags?post=3995"}],"curies":[{"name":"wp","href":"https:\/\/api.w.org\/{rel}","templated":true}]}}