{"id":3336,"date":"2021-10-18T15:57:26","date_gmt":"2021-10-18T13:57:26","guid":{"rendered":"https:\/\/ligalibe.cz\/?p=3336"},"modified":"2021-10-18T15:57:26","modified_gmt":"2021-10-18T13:57:26","slug":"prezident-ligy-libe-o-nedavnem-utoku-v-norsku","status":"publish","type":"post","link":"https:\/\/ligalibe.cz\/en\/2021\/10\/18\/prezident-ligy-libe-o-nedavnem-utoku-v-norsku\/","title":{"rendered":"Prezident Ligy Libe o ned\u00e1vn\u00e9m \u00fatoku v Norsku"},"content":{"rendered":"<p class=\"wp-block-paragraph\"><a href=\"https:\/\/www.kupredudominulosti.cz\/pavel-cerny-norska-policie-nechranila-lidi-musela-nejdrive-bezet-pro-zbrane-protoze-nebyla-ozbrojena\/?fbclid=IwAR3LuntUohKGs1yG7-fu-b5-jGOi67x1INR4SGdSL5d7ERsjVFK2EFp7838\" target=\"_blank\" rel=\"noreferrer noopener\">Pavel \u010cern\u00fd: Norsk\u00e1 policie nechr\u00e1nila lidi. Musela nejd\u0159\u00edve b\u011b\u017eet pro zbran\u011b, proto\u017ee nebyla ozbrojena<\/a><\/p>\n\n\n\n<p class=\"wp-block-paragraph\"><a href=\"https:\/\/www.securitymagazin.cz\/security\/zakazeme-kvuli-dzihadistovi-z-norska-luky-a-sipy-v-eu-1404067637.html?fbclid=IwAR2by2iGvRC1z5RAcQmjIIyFfXOMBTrVNtyloF-q5hJOmKgyP-6D1lxGTMc\" target=\"_blank\" rel=\"noreferrer noopener\">Zak\u00e1\u017eeme kv\u016fli d\u017eih\u00e1distovi z Norska luky a \u0161\u00edpy v EU?<\/a><\/p>\n\n\n\n<div class=\"wp-block-image\"><figure class=\"aligncenter size-large\"><img data-recalc-dims=\"1\" loading=\"lazy\" decoding=\"async\" width=\"750\" height=\"432\" data-attachment-id=\"3338\" data-permalink=\"https:\/\/ligalibe.cz\/en\/2021\/10\/18\/prezident-ligy-libe-o-nedavnem-utoku-v-norsku\/image-3\/\" data-orig-file=\"https:\/\/i0.wp.com\/ligalibe.cz\/wp-content\/uploads\/2021\/10\/image.png?fit=1511%2C870&amp;ssl=1\" data-orig-size=\"1511,870\" data-comments-opened=\"1\" data-image-meta=\"{&quot;aperture&quot;:&quot;0&quot;,&quot;credit&quot;:&quot;&quot;,&quot;camera&quot;:&quot;&quot;,&quot;caption&quot;:&quot;&quot;,&quot;created_timestamp&quot;:&quot;0&quot;,&quot;copyright&quot;:&quot;&quot;,&quot;focal_length&quot;:&quot;0&quot;,&quot;iso&quot;:&quot;0&quot;,&quot;shutter_speed&quot;:&quot;0&quot;,&quot;title&quot;:&quot;&quot;,&quot;orientation&quot;:&quot;0&quot;}\" data-image-title=\"image\" data-image-description=\"\" data-image-caption=\"\" data-large-file=\"https:\/\/i0.wp.com\/ligalibe.cz\/wp-content\/uploads\/2021\/10\/image.png?fit=750%2C432&amp;ssl=1\" src=\"https:\/\/i0.wp.com\/ligalibe.cz\/wp-content\/uploads\/2021\/10\/image.png?resize=750%2C432&#038;ssl=1\" alt=\"\" class=\"wp-image-3338\" srcset=\"https:\/\/i0.wp.com\/ligalibe.cz\/wp-content\/uploads\/2021\/10\/image.png?resize=1024%2C590&amp;ssl=1 1024w, https:\/\/i0.wp.com\/ligalibe.cz\/wp-content\/uploads\/2021\/10\/image.png?resize=300%2C173&amp;ssl=1 300w, https:\/\/i0.wp.com\/ligalibe.cz\/wp-content\/uploads\/2021\/10\/image.png?resize=768%2C442&amp;ssl=1 768w, https:\/\/i0.wp.com\/ligalibe.cz\/wp-content\/uploads\/2021\/10\/image.png?resize=18%2C10&amp;ssl=1 18w, https:\/\/i0.wp.com\/ligalibe.cz\/wp-content\/uploads\/2021\/10\/image.png?w=1511&amp;ssl=1 1511w\" sizes=\"auto, (max-width: 750px) 100vw, 750px\" \/><\/figure><\/div>\n\n\n\n<p class=\"wp-block-paragraph\"><\/p>","protected":false},"excerpt":{"rendered":"<p>Pavel \u010cern\u00fd: Norsk\u00e1 policie nechr\u00e1nila lidi. Musela nejd\u0159\u00edve b\u011b\u017eet pro zbran\u011b, proto\u017ee nebyla ozbrojena Zak\u00e1\u017eeme kv\u016fli d\u017eih\u00e1distovi z Norska luky&#x2026; <\/p>\n<p class=\"more-link-container th-text-xs th-links-inherit th-uppercase\"><a href=\"https:\/\/ligalibe.cz\/en\/2021\/10\/18\/prezident-ligy-libe-o-nedavnem-utoku-v-norsku\/\" class=\"more-link\">Read More <span class=\"screen-reader-text\">Prezident Ligy Libe o ned\u00e1vn\u00e9m \u00fatoku v Norsku<\/span><\/a><\/p>","protected":false},"author":140239199,"featured_media":0,"comment_status":"open","ping_status":"open","sticky":false,"template":"","format":"standard","meta":{"_jetpack_newsletter_access":"","_jetpack_dont_email_post_to_subs":false,"_jetpack_newsletter_tier_id":0,"_jetpack_memberships_contains_paywalled_content":false,"_wpcom_ai_launchpad_first_post":false,"_jetpack_feature_clip_id":0,"_jetpack_memberships_contains_paid_content":false,"footnotes":"","jetpack_publicize_message":"{title}\n\n{excerpt}\n\n{url}","jetpack_publicize_feature_enabled":true,"jetpack_social_post_already_shared":true,"jetpack_social_options":{"image_generator_settings":{"template":"highway","default_image_id":0,"font":"","enabled":false},"version":2},"_wpas_customize_per_network":false,"jetpack_post_was_ever_published":false},"categories":[438743],"tags":[],"class_list":["post-3336","post","type-post","status-publish","format-standard","hentry","category-aktuality"],"jetpack_publicize_connections":[],"jetpack_likes_enabled":true,"jetpack_sharing_enabled":true,"jetpack_shortlink":"https:\/\/wp.me\/p9ZdzN-RO","amp_enabled":true,"jetpack_featured_media_url":"","_links":{"self":[{"href":"https:\/\/ligalibe.cz\/en\/wp-json\/wp\/v2\/posts\/3336","targetHints":{"allow":["GET"]}}],"collection":[{"href":"https:\/\/ligalibe.cz\/en\/wp-json\/wp\/v2\/posts"}],"about":[{"href":"https:\/\/ligalibe.cz\/en\/wp-json\/wp\/v2\/types\/post"}],"author":[{"embeddable":true,"href":"https:\/\/ligalibe.cz\/en\/wp-json\/wp\/v2\/users\/140239199"}],"replies":[{"embeddable":true,"href":"https:\/\/ligalibe.cz\/en\/wp-json\/wp\/v2\/comments?post=3336"}],"version-history":[{"count":2,"href":"https:\/\/ligalibe.cz\/en\/wp-json\/wp\/v2\/posts\/3336\/revisions"}],"predecessor-version":[{"id":3339,"href":"https:\/\/ligalibe.cz\/en\/wp-json\/wp\/v2\/posts\/3336\/revisions\/3339"}],"wp:attachment":[{"href":"https:\/\/ligalibe.cz\/en\/wp-json\/wp\/v2\/media?parent=3336"}],"wp:term":[{"taxonomy":"category","embeddable":true,"href":"https:\/\/ligalibe.cz\/en\/wp-json\/wp\/v2\/categories?post=3336"},{"taxonomy":"post_tag","embeddable":true,"href":"https:\/\/ligalibe.cz\/en\/wp-json\/wp\/v2\/tags?post=3336"}],"curies":[{"name":"wp","href":"https:\/\/api.w.org\/{rel}","templated":true}]}}