{"id":3297,"date":"2021-08-25T22:28:11","date_gmt":"2021-08-25T20:28:11","guid":{"rendered":"https:\/\/ligalibe.cz\/?p=3297"},"modified":"2021-08-25T22:28:11","modified_gmt":"2021-08-25T20:28:11","slug":"dar-za-zasluhy-prezidentovi-zeme-od-ligy-libe","status":"publish","type":"post","link":"https:\/\/ligalibe.cz\/en\/2021\/08\/25\/dar-za-zasluhy-prezidentovi-zeme-od-ligy-libe\/","title":{"rendered":"Dar za z\u00e1sluhy prezidentovi zem\u011b od Ligy Libe"},"content":{"rendered":"<p class=\"wp-block-paragraph\">Tak a zde k minul\u00e9mu &#8211; tedy jednomu exkluzivn\u00edmu no\u017ei, co bude p\u0159ed\u00e1n prezidentu republiky &#8211; a to jako symbol vd\u011bku hned za n\u011bkolik v\u011bc\u00ed\u2026<br>Za prv\u00e9, jeho podporu leg\u00e1ln\u00edch soukrom\u00fdch zbran\u00ed mnoho let zp\u011bt, co\u017e v\u00fdznamn\u00fdm zp\u016fsobem tehdy bezesporu ovlivnilo m\u00edn\u011bn\u00ed nemal\u00e9 \u010d\u00e1sti ve\u0159ejnosti na dr\u017eitele zbrojn\u00edch pr\u016fkaz\u016f, mezi kter\u00e9 v t\u00e9 dob\u011b pat\u0159ila ji\u017e i jeho cho\u0165, prvn\u00ed d\u00e1ma (viz: <a href=\"https:\/\/domaci.hn.cz\/c1-65183130-zeman-obratil-a-neodmita\u2026\" rel=\"nofollow\">https:\/\/domaci.hn.cz\/c1-65183130-zeman-obratil-a-neodmita\u2026<\/a> ).<br>Za druh\u00e9, za n\u00e1sledn\u00fd podpis jak prezidenta, tak i jeho man\u017eelky na\u0161\u00ed Nov\u00e9 petice &#8211; tedy podpo\u0159e na\u0161eho ob\u010dansk\u00e9ho hnut\u00ed, kter\u00e1 ze strany nejvy\u0161\u0161\u00edho p\u0159edstavitele m\u00e1 po sv\u011bt\u011b sotva jen obdoby. V\u016fbec, aby n\u011bjak\u00fd ob\u010dansk\u00fd protest podepsaly mezi statis\u00edci ob\u010dan\u016f nejen kvanta politik\u016f, v\u010detn\u011b premi\u00e9ra zem\u011b, p\u0159edsedy Poslaneck\u00e9 sn\u011bmovny, dvou (b\u00fdval\u00e9ho a sou\u010dasn\u00e9ho) p\u0159edsedy Sen\u00e1tu &#8211; a dokonce i zm\u00edn\u011bn\u00e9ho prezidenta s prvn\u00ed d\u00e1mou, to je opravdu sv\u011btov\u00e9 unikum. Kter\u00e9 v\u0161ak dalo t\u00e9matu pot\u0159ebnou spole\u010denskou i politickou s\u00edlu, kter\u00e1 v r\u00e1mci aktivit na\u0161\u00ed LIGA LIBE gradovala a\u017e prosazen\u00edm zm\u011bny \u00fastavy\u2026<br>A jako posledn\u00ed, podpis pana prezidenta na &#8222;\u00fastavn\u00edm dodatku&#8220;, tedy pod \u00fastavn\u00edm pr\u00e1vem obrany se zbran\u00ed na\u0161ich ob\u010dan\u016f &#8211; kter\u00fd v jeho p\u0159\u00edpad\u011b, vzhledem k jeho letit\u00fdm postoj\u016fm a n\u00e1zor\u016fm, dozajista nebyl jen form\u00e1ln\u00edm\u2026 Co\u017e potvrdil i nap\u0159\u00edklad zde v tomto ned\u00e1vn\u00e9m rozhovoru, cituji:<br>&#8222;\u2026Z\u00e1v\u011brem je\u0161t\u011b jin\u00e9 t\u00e9ma. Ned\u00e1vno jste podepsal \u00fastavn\u00ed novelu zakotvuj\u00edc\u00ed pr\u00e1vo na dr\u017een\u00ed zbran\u011b a obranu v r\u00e1mci \u00fastavy. Schv\u00e1len\u00ed t\u00e9to zm\u011bny prov\u00e1zela i kritika, \u017ee je to zbyte\u010dn\u00e9. Co byste na to \u0159ekl?<br>M\u00e1m dojem, ale mohu se m\u00fdlit, \u017ee druh\u00fd dodatek americk\u00e9 \u00fastavy zakotvuje pr\u00e1vo na zbra\u0148. Nevid\u00edm d\u016fvod, pro\u010d by n\u011bco podobn\u00e9ho nem\u011blo existovat i u n\u00e1s. P\u0159i v\u0161\u00ed \u00fact\u011b k na\u0161\u00ed policii, mohou vzniknout situace, kdy policista nen\u00ed v dohledu a ozbrojen\u00fd ob\u010dan m\u016f\u017ee plnit \u00fakoly policie, kter\u00e9 by jinak zajistila policie. Tak\u017ee to pokl\u00e1d\u00e1m za naprosto spr\u00e1vn\u00e9\u2026&#8220; (viz: <a href=\"https:\/\/www.hrad.cz\/\u2026\/rozhovor-prezidenta-republiky-pro\u2026\" rel=\"nofollow\">https:\/\/www.hrad.cz\/\u2026\/rozhovor-prezidenta-republiky-pro\u2026<\/a> )<br>Tak\u017ee pros\u00edm, zapome\u0148me na to, \u017ee na kde kter\u00e9ho politika, v\u010detn\u011b t\u011bch nejp\u0159edn\u011bj\u0161\u00edch, mohou m\u00edt lidi n\u00e1zory r\u016fzn\u00e9, ale zde zm\u00edn\u011bn\u00e9 m\u016f\u017ee jen t\u011b\u017eko n\u011bkdo zpochybnit. A za to v\u0161e ten zm\u00edn\u011bn\u00fd vd\u011bk to Milo\u0161 Zeman &#8211; prezident \u010cesk\u00e9 republiky, vyj\u00e1d\u0159en\u00fd na\u0161im z\u00edt\u0159ej\u0161\u00edm, trochu neobvykl\u00fdm darem\u2026<br>PS: kdo dnes ohledn\u011b na\u0161\u00ed rann\u00ed h\u00e1danky tipoval, \u017ee t\u00edm obdarovan\u00fdm &#8222;ligov\u00fdm no\u017eem&#8220; bude nap\u0159\u00edklad Andrej Babi\u0161, Radek Vondr\u00e1\u010dek, Zden\u011bk Hraba &#8211; sen\u00e1tor, Jana \u010cernochov\u00e1, Milo\u0161 Vystr\u010dil, Martin \u010cerv\u00ed\u010dek, Tomio Okamura &#8211; SPD, nebo Zden\u011bk Ondr\u00e1\u010dek, atd. neuhodli &#8211; u\u017e jen proto, \u017ee v\u0161ichni doty\u010dn\u00ed ji\u017e tento atribut LIGY LIBE, za sv\u00e9 nemal\u00e9 z\u00e1sluhy o v\u011bc, v minulosti dostali!!! \ud83d\ude42<\/p>\n\n\n\n<figure class=\"wp-block-embed is-type-rich is-provider-obsluzna-rutina-kodu-pro-vlozeni wp-block-embed-obsluzna-rutina-kodu-pro-vlozeni\"><div class=\"wp-block-embed__wrapper\">\n<div class=\"fb-post\" data-href=\"https:\/\/www.facebook.com\/LIGA.LIBE\/posts\/4986060888072167\" data-width=\"552\" style=\"background-color: #fff; display: inline-block;\"><\/div>\n<\/div><\/figure>","protected":false},"excerpt":{"rendered":"<p>Tak a zde k minul\u00e9mu &#8211; tedy jednomu exkluzivn\u00edmu no\u017ei, co bude p\u0159ed\u00e1n prezidentu republiky &#8211; a to jako symbol&#x2026; <\/p>\n<p class=\"more-link-container th-text-xs th-links-inherit th-uppercase\"><a href=\"https:\/\/ligalibe.cz\/en\/2021\/08\/25\/dar-za-zasluhy-prezidentovi-zeme-od-ligy-libe\/\" class=\"more-link\">Read More <span class=\"screen-reader-text\">Dar za z\u00e1sluhy prezidentovi zem\u011b od Ligy Libe<\/span><\/a><\/p>","protected":false},"author":140239199,"featured_media":0,"comment_status":"open","ping_status":"open","sticky":false,"template":"","format":"standard","meta":{"_jetpack_newsletter_access":"","_jetpack_dont_email_post_to_subs":false,"_jetpack_newsletter_tier_id":0,"_jetpack_memberships_contains_paywalled_content":false,"_wpcom_ai_launchpad_first_post":false,"_jetpack_feature_clip_id":0,"_jetpack_memberships_contains_paid_content":false,"footnotes":"","jetpack_publicize_message":"{title}\n\n{excerpt}\n\n{url}","jetpack_publicize_feature_enabled":true,"jetpack_social_post_already_shared":true,"jetpack_social_options":{"image_generator_settings":{"template":"highway","default_image_id":0,"font":"","enabled":false},"version":2},"_wpas_customize_per_network":false,"jetpack_post_was_ever_published":false},"categories":[438743],"tags":[],"class_list":["post-3297","post","type-post","status-publish","format-standard","hentry","category-aktuality"],"jetpack_publicize_connections":[],"jetpack_likes_enabled":true,"jetpack_sharing_enabled":true,"jetpack_shortlink":"https:\/\/wp.me\/p9ZdzN-Rb","amp_enabled":true,"jetpack_featured_media_url":"","_links":{"self":[{"href":"https:\/\/ligalibe.cz\/en\/wp-json\/wp\/v2\/posts\/3297","targetHints":{"allow":["GET"]}}],"collection":[{"href":"https:\/\/ligalibe.cz\/en\/wp-json\/wp\/v2\/posts"}],"about":[{"href":"https:\/\/ligalibe.cz\/en\/wp-json\/wp\/v2\/types\/post"}],"author":[{"embeddable":true,"href":"https:\/\/ligalibe.cz\/en\/wp-json\/wp\/v2\/users\/140239199"}],"replies":[{"embeddable":true,"href":"https:\/\/ligalibe.cz\/en\/wp-json\/wp\/v2\/comments?post=3297"}],"version-history":[{"count":2,"href":"https:\/\/ligalibe.cz\/en\/wp-json\/wp\/v2\/posts\/3297\/revisions"}],"predecessor-version":[{"id":3299,"href":"https:\/\/ligalibe.cz\/en\/wp-json\/wp\/v2\/posts\/3297\/revisions\/3299"}],"wp:attachment":[{"href":"https:\/\/ligalibe.cz\/en\/wp-json\/wp\/v2\/media?parent=3297"}],"wp:term":[{"taxonomy":"category","embeddable":true,"href":"https:\/\/ligalibe.cz\/en\/wp-json\/wp\/v2\/categories?post=3297"},{"taxonomy":"post_tag","embeddable":true,"href":"https:\/\/ligalibe.cz\/en\/wp-json\/wp\/v2\/tags?post=3297"}],"curies":[{"name":"wp","href":"https:\/\/api.w.org\/{rel}","templated":true}]}}