{"id":2500,"date":"2020-01-20T11:35:00","date_gmt":"2020-01-20T10:35:00","guid":{"rendered":"https:\/\/ligalibe.cz\/?p=2500"},"modified":"2020-01-18T11:37:46","modified_gmt":"2020-01-18T10:37:46","slug":"petr-khru-machacek-o-pravu-branit-se-se-zbrani","status":"publish","type":"post","link":"https:\/\/ligalibe.cz\/en\/2020\/01\/20\/petr-khru-machacek-o-pravu-branit-se-se-zbrani\/","title":{"rendered":"Petr Khru Mach\u00e1\u010dek &#8222;o pr\u00e1vu br\u00e1nit se se zbran\u00ed&#8220;"},"content":{"rendered":"<figure class=\"wp-block-embed-facebook wp-block-embed is-type-video is-provider-facebook\"><div class=\"wp-block-embed__wrapper\">\n<div class=\"fb-video\" data-allowfullscreen=\"true\" data-href=\"https:\/\/www.facebook.com\/LIGA.LIBE\/videos\/1236418406746019\/\" style=\"background-color: #fff; display: inline-block;\"><\/div>\n<\/div><\/figure>\n\n\n\n<p>\n\nTento projev, kter\u00fd zde m\u00e1&nbsp;<a href=\"https:\/\/www.facebook.com\/khru.petr.machacek\/?eid=ARAJXYyWphv-a5rAPZOAx8A5wlkKsFIlAvtYdtZ_5hKqpzzQXDgtL62WHnmTA2TS4Fjy8vO4WVI3aAl6&amp;fref=tag\">Petr Khru Mach\u00e1\u010dek<\/a>, jedna z dom\u00e1c\u00edch \u017eij\u00edc\u00edch legend v oblasti sebeobrany a bojov\u00fdch um\u011bn\u00ed, zakladatel Thajsk\u00e9ho boxu a z\u00e1pas\u016f MMA v \u010cR, je opravdu n\u011b\u010d\u00edm, co by si m\u011bl poslechnout ka\u017ed\u00fd&#8230;<br>Zejm\u00e9na pak na\u0161i politici, kte\u0159\u00ed mohou nyn\u00ed v mnoh\u00e9m rozhodnout &#8211; tedy konkr\u00e9tn\u011b o n\u00e1vrhu t\u00e9m\u011b\u0159 poloviny \u010desk\u00fdch sen\u00e1tor\u016f, kte\u0159\u00ed hodlaj\u00ed doplnit do Listiny z\u00e1kladn\u00ed pr\u00e1v a svobod kr\u00e1tkou, ale naprosto kl\u00ed\u010dovou a pro budoucnost a bezpe\u010d\u00ed ob\u010dan\u016f na\u0161\u00ed zem\u011b velmi d\u016fle\u017eitou v\u011btu, o pr\u00e1vu &#8222;br\u00e1nit se se zbran\u00ed&#8220;&#8230;<br>Tato klauzule nikoho neozbrojuje, jen zachov\u00e1v\u00e1 do budoucna sou\u010dasn\u00fd bezprobl\u00e9mov\u00fd a vysoce funk\u010dn\u00ed stav v na\u0161\u00ed zemi, kter\u00e1 pat\u0159\u00ed k nejbezpe\u010dn\u011bj\u0161\u00edm st\u00e1t\u016fm tohoto sv\u011bta&#8230;<br>Nen\u00ed c\u00edlena jen na zbran\u011b vlastn\u011bn\u00e9 majiteli zbrojn\u00edch pr\u016fkaz\u016f, ale i na sebeobrann\u00e9 prost\u0159edky, v\u010detn\u011b obu\u0161k\u016f, no\u017e\u016f \u010di dokonce i obrann\u00fdch sprej\u016f, kter\u00e9 jsou st\u00e1le v\u00edce \u017eel v zem\u00edch na z\u00e1pad od n\u00e1s \u010d\u00edm d\u00e1l v\u00edce iracion\u00e1ln\u011b zakazov\u00e1ny.<br>V\u00fdsledkem podobn\u00fdch nesmysln\u00fdch z\u00e1kaz\u016f, kter\u00fdm by \u00fastavn\u00ed novela nyn\u00ed do budoucna m\u011bla v \u010cR br\u00e1nit, je toti\u017e jen to, \u017ee lid\u00e9 tam p\u0159ich\u00e1z\u00ed o mo\u017enost efektivn\u00ed a spravedliv\u00e9 obrany &#8211; a p\u0159edev\u0161\u00edm pak ti, co se jinak br\u00e1nit nemohou, slab\u00e9 \u017eeny, lid\u00e9 sta\u0159\u00ed a nemocn\u00ed, anebo dokonce ob\u010dan\u00e9 handicapovan\u00ed&#8230;<br>Takt\u00e9\u017e se t\u00edmto do budoucna o\u0161et\u0159uj\u00ed z\u00e1kazy no\u017e\u016f, tak \u010dast\u00e9 v zem\u00edch na z\u00e1pad od n\u00e1s, kde je toto jen ne\u00fa\u010dinnou buzerac\u00ed tamn\u00edch ob\u010dan\u016f, neb po\u010dty pobodan\u00fdch a po\u0159ezan\u00fdch lid\u00ed navzdory p\u0159esp\u0159\u00edsn\u00fdm z\u00e1kon\u016fm, vzr\u016fstaj\u00ed. U n\u00e1s to probl\u00e9mem rozhodn\u011b nen\u00ed a p\u0159esto n\u00e1m byly ji\u017e zkou\u0161eny loni Europarlamentem vnuceny jak\u00e9si &#8222;celoevropsk\u00e9 z\u00e1kazy no\u017e\u016f&#8220;.<\/p>\n\n\n\n<p>Tak\u017ee, bra\u0148me si sv\u00e9 efektivn\u00ed a bezprobl\u00e9mov\u00e9 z\u00e1kony&#8230;<\/p>\n\n\n\n<p>A z\u016fsta\u0148me i nad\u00e1le nejen jak\u00fdmsi ostrovem bezpe\u010d\u00ed, ale i pr\u00e1va a svobody&#8230;<\/p>\n\n\n\n<p>PS: d\u00edky moc v\u00e1m v\u0161em za sd\u00edlen\u00ed a pos\u00edl\u00e1n\u00ed d\u00e1le &#8211; pro pot\u0159ebnou osv\u011btu v\u0161ech t\u011bch, co o v\u011bci nic dosud \u017eel nev\u00ed \u010di o n\u00ed zat\u00edm ani nep\u0159em\u00fd\u0161l\u00ed&#8230;\n\n<\/p>","protected":false},"excerpt":{"rendered":"<p>Tento projev, kter\u00fd zde m\u00e1&nbsp;Petr Khru Mach\u00e1\u010dek, jedna z dom\u00e1c\u00edch \u017eij\u00edc\u00edch legend v oblasti sebeobrany a bojov\u00fdch um\u011bn\u00ed, zakladatel Thajsk\u00e9ho&#x2026; <\/p>\n<p class=\"more-link-container th-text-xs th-links-inherit th-uppercase\"><a href=\"https:\/\/ligalibe.cz\/en\/2020\/01\/20\/petr-khru-machacek-o-pravu-branit-se-se-zbrani\/\" class=\"more-link\">Read More <span class=\"screen-reader-text\">Petr Khru Mach\u00e1\u010dek &#8222;o pr\u00e1vu br\u00e1nit se se zbran\u00ed&#8220;<\/span><\/a><\/p>","protected":false},"author":140239199,"featured_media":0,"comment_status":"open","ping_status":"open","sticky":false,"template":"","format":"standard","meta":{"_jetpack_newsletter_access":"","_jetpack_dont_email_post_to_subs":false,"_jetpack_newsletter_tier_id":0,"_jetpack_memberships_contains_paywalled_content":false,"_jetpack_memberships_contains_paid_content":false,"footnotes":"","jetpack_publicize_message":"","jetpack_publicize_feature_enabled":true,"jetpack_social_post_already_shared":true,"jetpack_social_options":{"image_generator_settings":{"template":"highway","default_image_id":0,"font":"","enabled":false},"version":2},"_wpas_customize_per_network":false,"jetpack_post_was_ever_published":false},"categories":[438743],"tags":[],"class_list":["post-2500","post","type-post","status-publish","format-standard","hentry","category-aktuality"],"jetpack_publicize_connections":[],"jetpack_featured_media_url":"","jetpack_likes_enabled":true,"jetpack_sharing_enabled":true,"jetpack_shortlink":"https:\/\/wp.me\/p9ZdzN-Ek","amp_enabled":true,"_links":{"self":[{"href":"https:\/\/ligalibe.cz\/en\/wp-json\/wp\/v2\/posts\/2500","targetHints":{"allow":["GET"]}}],"collection":[{"href":"https:\/\/ligalibe.cz\/en\/wp-json\/wp\/v2\/posts"}],"about":[{"href":"https:\/\/ligalibe.cz\/en\/wp-json\/wp\/v2\/types\/post"}],"author":[{"embeddable":true,"href":"https:\/\/ligalibe.cz\/en\/wp-json\/wp\/v2\/users\/140239199"}],"replies":[{"embeddable":true,"href":"https:\/\/ligalibe.cz\/en\/wp-json\/wp\/v2\/comments?post=2500"}],"version-history":[{"count":1,"href":"https:\/\/ligalibe.cz\/en\/wp-json\/wp\/v2\/posts\/2500\/revisions"}],"predecessor-version":[{"id":2501,"href":"https:\/\/ligalibe.cz\/en\/wp-json\/wp\/v2\/posts\/2500\/revisions\/2501"}],"wp:attachment":[{"href":"https:\/\/ligalibe.cz\/en\/wp-json\/wp\/v2\/media?parent=2500"}],"wp:term":[{"taxonomy":"category","embeddable":true,"href":"https:\/\/ligalibe.cz\/en\/wp-json\/wp\/v2\/categories?post=2500"},{"taxonomy":"post_tag","embeddable":true,"href":"https:\/\/ligalibe.cz\/en\/wp-json\/wp\/v2\/tags?post=2500"}],"curies":[{"name":"wp","href":"https:\/\/api.w.org\/{rel}","templated":true}]}}