{"id":1990,"date":"2019-04-11T20:52:30","date_gmt":"2019-04-11T18:52:30","guid":{"rendered":"https:\/\/ligalibe.cz\/?p=1990"},"modified":"2019-04-11T20:52:31","modified_gmt":"2019-04-11T18:52:31","slug":"vyjadreni-ligy-libe-k-dnesnimu-stanovisku-generalni-advokatky-esd-k-ceske-zalobe-na-protizbranovou-smernici-eu-komise","status":"publish","type":"post","link":"https:\/\/ligalibe.cz\/en\/2019\/04\/11\/vyjadreni-ligy-libe-k-dnesnimu-stanovisku-generalni-advokatky-esd-k-ceske-zalobe-na-protizbranovou-smernici-eu-komise\/","title":{"rendered":"Vyj\u00e1d\u0159en\u00ed LIGY LIBE, k dne\u0161n\u00edmu stanovisku gener\u00e1ln\u00ed advok\u00e1tky ESD, k \u010desk\u00e9 \u017ealob\u011b na protizbra\u0148ovou sm\u011brnici EU komise"},"content":{"rendered":"<p class=\"wp-block-paragraph\">Ze starost\u00ed \u00fa\u0159edn\u00edk\u016f o na\u0161e bezpe\u010d\u00ed za\u010d\u00edn\u00e1me m\u00edt v\u00e1\u017en\u00fd pocit nebezpe\u010d\u00ed: gener\u00e1ln\u00ed advok\u00e1tka navrhnula Soudu EU, aby \u017ealobu \u010cR na &#8222;odzbrojovac\u00ed sm\u011brnici&#8220; zam\u00edtl v pln\u00e9m rozsahu. Vyj\u00e1d\u0159en\u00ed za petice proti odzbrojen\u00ed reprezentuj\u00edc\u00ed 200 000 petent\u016f.<\/p>\n\n\n\n<p class=\"wp-block-paragraph\"><strong>Ze starost\u00ed \u00fa\u0159edn\u00edk\u016f o na\u0161e bezpe\u010d\u00ed za\u010d\u00edn\u00e1me m\u00edt v\u00e1\u017en\u00fd pocit nebezpe\u010d\u00ed<\/strong>, neb gener\u00e1ln\u00ed advok\u00e1tka dnes navrhnula Soudn\u00edmu dvoru EU, aby \u017ealobu \u010cR na neplatnost &#8222;odzbrojovac\u00ed sm\u011brnice&#8220; zam\u00edtnul v pln\u00e9m rozsahu s argumentem, \u017ee&nbsp;<em>&#8222;Unijn\u00ed pr\u00e1vn\u00ed p\u0159edpis m\u00e1 za c\u00edl zaji\u0161t\u011bn\u00ed voln\u00e9ho pohybu paln\u00fdch zbran\u00ed, p\u0159i\u010dem\u017e sou\u010dasn\u011b \u0159\u00e1dn\u011b zohled\u0148uje zv\u00fd\u0161en\u00e9 obavy o ve\u0159ejnou bezpe\u010dnost souvisej\u00edc\u00ed s obchodov\u00e1n\u00edm tohoto zbo\u017e\u00ed.&#8220;<\/em><\/p>\n\n\n\n<p class=\"wp-block-paragraph\"><strong>Gener\u00e1ln\u00ed advok\u00e1tka asi musela m\u00edt ob\u011b o\u010di zav\u0159en\u00e9, kdy\u017e psala sv\u00e9 od\u016fvodn\u011bn\u00ed, a kdy\u017e nevid\u011bla jasn\u00e9 poru\u0161en\u00ed n\u011bkter\u00fdch princip\u016f pr\u00e1va EU.<\/strong><\/p>\n\n\n\n<p class=\"wp-block-paragraph\">Sm\u011brnice u n\u00e1s dopadne na stovky tis\u00edc zbran\u00ed registrovan\u00fdch na ZP i voln\u011b prodejn\u00fdch zbran\u00ed, kter\u00e9 se dosud neregistrovaly (znehodnocen\u00e9 zbran\u011b, historick\u00e9 repliky, &#8222;plynovky&#8220;&#8230;). Proto jsou&nbsp;<strong>dr\u017eitel\u00e9 zbran\u00ed a myslivci jsou z dne\u0161n\u00edho stanoviska advok\u00e1tky rozlad\u011bn\u00ed<\/strong>, p\u0159i\u010dem\u017e z\u00e1rove\u0148 v\u00edme, \u017ee stanovisko advok\u00e1tky nen\u00ed pro soud z\u00e1vazn\u00e9. Ve v\u011bt\u0161in\u011b p\u0159\u00edpad\u016f soud se stanoviskem p\u0159i z\u00e1v\u011bre\u010dn\u00e9m rozhodnut\u00ed souzn\u00ed. P\u0159edpokl\u00e1d\u00e1 se, \u017ee velk\u00fd 15-\u010dlenn\u00fd sen\u00e1t soudu v Lucemburku rozhodne definitivn\u011b n\u011bkdy na podzim. D\u0159\u00edve soud rozhodoval cca z 90% v souladu se stanoviskem gener\u00e1ln\u00edho advok\u00e1ta, nyn\u00ed v posledn\u00edch letech je to \u00fadajn\u011b jen asi z 60%, tak\u017ee st\u00e1le je\u0161t\u011b v\u011b\u0159\u00edme, \u017ee soud se rozhodne alespo\u0148 n\u011bkter\u00e9 ze 4 \u017ealobn\u00edch d\u016fvod\u016f uznat.<\/p>\n\n\n\n<p class=\"wp-block-paragraph\"><strong>St\u00e1le jsou otev\u0159eny v\u0161echny 3 mo\u017enosti<\/strong>, pro kter\u00e9 se velk\u00fd sen\u00e1t soudu m\u016f\u017ee rozhodnout:<\/p>\n\n\n\n<p class=\"wp-block-paragraph\">a) zru\u0161en\u00ed cel\u00e9 sm\u011brnice<\/p>\n\n\n\n<p class=\"wp-block-paragraph\">b) zru\u0161en\u00ed jejich nejproblemati\u010dt\u011bj\u0161\u00edch \u010d\u00e1st\u00ed<\/p>\n\n\n\n<p class=\"wp-block-paragraph\">c) zam\u00edtnut\u00ed \u017ealoby, a ponech\u00e1n\u00ed sm\u011brnice tak, jak ji schv\u00e1lila Evropsk\u00e1 komise s Europarlamentem a Radou EU<\/p>\n\n\n\n<p class=\"wp-block-paragraph\"><strong>\u017dalobn\u00ed d\u016fvody a hlavn\u00ed argumenty \u010cR vych\u00e1z\u00ed z poru\u0161en\u00ed 4 z\u00e1sad EU:<\/strong><\/p>\n\n\n\n<p class=\"wp-block-paragraph\">&#8211; poru\u0161en\u00ed z\u00e1sady sv\u011b\u0159en\u00ed pravomoc\u00ed<\/p>\n\n\n\n<p class=\"wp-block-paragraph\">&#8211; poru\u0161en\u00ed z\u00e1sady proporcionality<\/p>\n\n\n\n<p class=\"wp-block-paragraph\">&#8211; poru\u0161en\u00ed z\u00e1sady pr\u00e1vn\u00ed jistoty<\/p>\n\n\n\n<p class=\"wp-block-paragraph\">&#8211; poru\u0161en\u00ed z\u00e1sady z\u00e1kazu diskriminace<\/p>\n\n\n\n<p class=\"wp-block-paragraph\"><a href=\"https:\/\/eur-lex.europa.eu\/LexUriServ\/LexUriServ.do?uri=CELEX:62017CN0482:CS:HTML\">https:\/\/eur-lex.europa.eu\/LexUriServ\/LexUriServ.do?uri=CELEX:62017CN0482:CS:HTML<\/a><\/p>\n\n\n\n<p class=\"wp-block-paragraph\">V\u011bcn\u00e9 shrnut\u00ed \u017ealoby je zde:&nbsp;<a href=\"http:\/\/www.mvcr.cz\/clanek\/cesko-podalo-k-soudnimu-dvoru-eu-zalobu-na-neplatnost-smernice-o-kontrole-zbrani.aspx\" target=\"_blank\" rel=\"noreferrer noopener\">www.mvcr.cz\/clanek\/cesko-podalo-k-soudnimu-dvoru-eu-zalobu-na-neplatnost-smernice-o-kontrole-zbrani.aspx<\/a><\/p>\n\n\n\n<p class=\"wp-block-paragraph\"><strong>Nez\u00e1vislosti a d\u016fv\u011bryhodnosti soudn\u00edho \u0159\u00edzen\u00ed jist\u011b neprosp\u00edv\u00e1 ani blam\u00e1\u017e<\/strong>&nbsp;Evropsk\u00e9ho soudu, kter\u00e9 jsme byli sv\u011bdky p\u0159ed 2 t\u00fddny, kdy\u017e p\u016fvodn\u00ed term\u00edn jedn\u00e1n\u00ed soudu a vynesen\u00ed stanoviska gener\u00e1ln\u00ed advok\u00e1tky Eleanor Sharpstonov\u00e9 28. 3. 2019 (den p\u0159ed brexitem) bylo na posledn\u00ed chv\u00edli v tichosti zru\u0161eno, a posunuto na 11. 4. 2019 (op\u011bt &#8222;n\u00e1hodou&#8220; den p\u0159ed brexitem). Copak se m\u00e1 nez\u00e1visl\u00fd soud politicky \u0159\u00eddit datem brexitu jen kv\u016fli tomu, \u017ee advok\u00e1tka je Britka a &#8222;pot\u0159ebovala stihnout&#8220; datum brexitu?<\/p>\n\n\n\n<p class=\"wp-block-paragraph\">P\u0159ed 3 t\u00fddny jsme V\u00e1s p\u0159\u00edmo z m\u00edsta v Lucemburku informovali o &#8222;souboji Davida s Goli\u00e1\u0161em&#8220;, kdy poprv\u00e9 v historii \u0161la \u010cesk\u00e1 republika do p\u0159\u00edm\u00e9ho soudn\u00edho st\u0159etu s Evropskou uni\u00ed, kdy prob\u011bhla velmi ostr\u00e1 \u010dty\u0159hodinov\u00e1 pr\u00e1vnick\u00e1 bitva, a ji\u017e dnes vid\u00edme, kam to sm\u011b\u0159uje.<\/p>\n\n\n\n<p class=\"wp-block-paragraph\">A zde je&nbsp;<strong>dosud nejucelen\u011bj\u0161\u00ed report\u00e1\u017e<\/strong>, ve kter\u00e9 popisujeme pr\u016fb\u011bh soudn\u00edho procesu 5. b\u0159ezna 2019 v\u010detn\u011b t\u011bch nejv\u011bt\u0161\u00edch v\u00fdrokov\u00fdch perel ze soudn\u00ed s\u00edn\u011b:<\/p>\n\n\n\n<p class=\"wp-block-paragraph\"><a href=\"http:\/\/myslivost.cz\/Pro-myslivce\/Aktuality\/Poprve-v-historii-se-CR-soudila-s-EU-za-nas-mysli\">http:\/\/myslivost.cz\/Pro-myslivce\/Aktuality\/Poprve-v-historii-se-CR-soudila-s-EU-za-nas-mysli<\/a><\/p>\n\n\n\n<p class=\"wp-block-paragraph\">Jedn\u00edm z nejz\u00e1sadn\u011bj\u0161\u00edch pochyben\u00ed EU v pr\u016fb\u011bhu legislativn\u00edho procesu je, \u017ee&nbsp;<strong>Evropsk\u00e1 komise dosud nezpracovala tzv. anal\u00fdzu dopad\u016f sm\u011brnice<\/strong>. P\u0159esto\u017ee p\u0159ehled dopad\u016f mnoz\u00ed europoslanci i n\u00e1rodn\u00ed st\u00e1ty opakovan\u011b po\u017eadovali, EK d\u011bl\u00e1 &#8222;mrtv\u00e9ho brouka&#8220;. Nem\u016f\u017ee se tedy v\u016fbec v\u011bd\u011bt, zda je sm\u011brnice p\u0159im\u011b\u0159en\u00e1 a efektivn\u00ed vzhledem k c\u00edl\u016fm z\u00e1konod\u00e1rce.<\/p>\n\n\n\n<p class=\"wp-block-paragraph\">Pova\u017eujeme tedy za relevantn\u00ed anal\u00fdzu na\u0161eho Ministerstva vnitra \u010cR, kter\u00e1 hovo\u0159\u00ed o dopadech na des\u00edtky a\u017e statis\u00edce zbran\u00ed v z\u00e1vislosti na kategorii:<\/p>\n\n\n\n<p class=\"wp-block-paragraph\"><a href=\"https:\/\/www.mvcr.cz\/clanek\/prehled-moznych-dopadu-revize-evropske-smernice-o-zbranich.aspx?fbclid=IwAR1XoV8gBNXKcHkT2XlyjObrB8sA9_wNVKaQzFNvjmTS4mmxmBWSZTWNpWQ\" target=\"_blank\" rel=\"noreferrer noopener\">www.mvcr.cz\/clanek\/prehled-moznych-dopadu-revize-evropske-smernice-o-zbranich.aspx<\/a><\/p>\n\n\n\n<p class=\"wp-block-paragraph\"><strong><em>Dopady na dr\u017eitele zbran\u00ed budou n\u00e1sleduj\u00edc\u00ed:<\/em><\/strong><\/p>\n\n\n\n<p class=\"wp-block-paragraph\"><strong><em>Zkr\u00e1t\u00ed se doba platnosti zbrojn\u00edho pr\u016fkazu z 10 na 5 let<\/em><\/strong><\/p>\n\n\n\n<p class=\"wp-block-paragraph\"><strong><em>NOV\u011a BUDOU ZAK\u00c1Z\u00c1NY<\/em><\/strong><\/p>\n\n\n\n<p class=\"wp-block-paragraph\"><em>&nbsp;&nbsp;&nbsp; n\u011bkter\u00e9 poloautomatick\u00e9 zbran\u011b<\/em><\/p>\n\n\n\n<p class=\"wp-block-paragraph\"><em>&nbsp;&nbsp;&nbsp;&nbsp;&nbsp;&nbsp;&nbsp; poloautomatick\u00e9 zbran\u011b upraven\u00e9 z p\u016fvodn\u011b automatick\u00fdch (typicky v \u010cR velmi popul\u00e1rn\u00ed poloautomatick\u00e9 verze Sa vz. 58)<\/em><\/p>\n\n\n\n<p class=\"wp-block-paragraph\"><em>&nbsp;&nbsp;&nbsp;&nbsp;&nbsp;&nbsp;&nbsp; poloautomatick\u00e9 zbran\u011b umo\u017e\u0148uj\u00edc\u00ed bez nov\u00e9ho nabit\u00ed vyst\u0159elen\u00ed<\/em><\/p>\n\n\n\n<p class=\"wp-block-paragraph\"><em>&nbsp;&nbsp;&nbsp;&nbsp;&nbsp;&nbsp;&nbsp;&nbsp;&nbsp;&nbsp;&nbsp; v\u00edce ne\u017e 21 ran (n\u00e1boj\u016f) v p\u0159\u00edpad\u011b kr\u00e1tk\u00fdch zbran\u00ed<\/em><\/p>\n\n\n\n<p class=\"wp-block-paragraph\"><em>&nbsp;&nbsp;&nbsp;&nbsp;&nbsp;&nbsp;&nbsp;&nbsp;&nbsp;&nbsp;&nbsp; v\u00edce ne\u017e 11 ran (n\u00e1boj\u016f) v p\u0159\u00edpad\u011b dlouh\u00fdch zbran\u00ed<\/em><\/p>\n\n\n\n<p class=\"wp-block-paragraph\"><em>&nbsp;&nbsp;&nbsp;&nbsp;&nbsp;&nbsp;&nbsp; poloautomatick\u00e9 zbran\u011b se sklopnou nebo teleskopickou pa\u017ebou (op\u011brou), pokud jsou krat\u0161\u00ed ne\u017e 60 cm<\/em><\/p>\n\n\n\n<p class=\"wp-block-paragraph\"><em>&nbsp;&nbsp;&nbsp; z\u00e1sobn\u00edky s kapacitou nad 20 n\u00e1boj\u016f, resp. 10 n\u00e1boj\u016f (jejich \u201eneleg\u00e1ln\u00edmu\u201c dr\u017eiteli m\u00e1 b\u00fdt povinn\u011b od\u0148at zbrojn\u00ed pr\u016fkaz).<\/em><\/p>\n\n\n\n<p class=\"wp-block-paragraph\"><strong><em>NOV\u011a SE BUDOU MUSET REGISTROVAT<\/em><\/strong><\/p>\n\n\n\n<p class=\"wp-block-paragraph\"><em>&nbsp;&nbsp;&nbsp; popla\u0161n\u00e9 a sign\u00e1ln\u00ed zbran\u011b<\/em><\/p>\n\n\n\n<p class=\"wp-block-paragraph\"><em>&nbsp;&nbsp;&nbsp; znehodnocen\u00e9 zbran\u011b<\/em><\/p>\n\n\n\n<p class=\"wp-block-paragraph\"><em>&nbsp;&nbsp;&nbsp; reprodukce historick\u00fdch zbran\u00ed, pokud jde o jedno- a dvouranov\u00e9 tzv. p\u0159edovky.<\/em><\/p>\n\n\n\n<p class=\"wp-block-paragraph\"><strong><em>EK bude cht\u00edt sm\u011brnici pr\u016fb\u011b\u017en\u011b revidovat a dopl\u0148ovat<\/em><\/strong><em>, a nen\u00ed nejmen\u0161\u00edch pochyb o tom, \u017ee \u010dasem se objev\u00ed snaha zak\u00e1zat v\u0161echny samonab\u00edjec\u00ed zbran\u011b a je\u0161t\u011b v\u00edce regulovat leg\u00e1ln\u00ed dr\u017eitele zbran\u00ed m\u00edsto opravdov\u00e9ho boje proti terorismu.<\/em><\/p>\n\n\n\n<p class=\"wp-block-paragraph\">Ji\u017e p\u0159i prvn\u00edm sly\u0161en\u00ed 5. 3. 2019 jsme na tomto nejvy\u0161\u0161\u00edm Evropsk\u00e9m soudu&nbsp;<strong>\u010dekali faktick\u00e9 argumenty a citace pr\u00e1vn\u00edch norem, nikoliv \u00farove\u0148 neodborn\u00e9 debaty<\/strong>&nbsp;op\u00edraj\u00edc\u00ed se o bulv\u00e1rn\u00ed titulky n\u011bkter\u00fdch \u010desk\u00fdch m\u00e9di\u00ed, kterou tady p\u0159edvedly t\u0159i pr\u00e1vni\u010dky najat\u00e9 Evropskou komis\u00ed, Europarlamentem a Radou EU, aby bojovaly proti sv\u00e9 zemi.<\/p>\n\n\n\n<p class=\"wp-block-paragraph\"><strong>Sm\u011brnice je \u00fa\u0159ednick\u00fd paskvil sp\u00edchnut\u00fd horkou jehlou b\u011bhem pouh\u00fdch p\u011bti dn\u016f po \u00fatoc\u00edch v Pa\u0159\u00ed\u017ei<\/strong><br>Nen\u00ed divu, \u017ee Francie je vedlej\u0161\u00edm \u00fa\u010dastn\u00edkem \u0159\u00edzen\u00ed, a p\u0159isp\u011bchala k obhajob\u011b sm\u011brnice na pomoc. Nen\u00ed od v\u011bci p\u0159ipomenout, \u017ee pr\u00e1v\u011b na n\u00e1tlak Francie Evropsk\u00e1 komise sp\u00edchnula horkou jehlou a p\u0159edlo\u017eila tento \u00fa\u0159ednick\u00fd paskvil jen 5 dn\u016f po \u00fatoku v Pa\u0159\u00ed\u017ei v listopadu 2015, p\u0159esto\u017ee se jedn\u00e1 o technicky a pr\u00e1vn\u011b velmi slo\u017eitou pr\u00e1vn\u00ed normu. Indik\u00e1torem ukazuj\u00edc\u00edm mimo\u0159\u00e1dn\u011b nekvalitn\u00ed pr\u00e1ci \u00fa\u0159edn\u00edk\u016f Evropsk\u00e9 komise byl krom\u011b jin\u00e9ho nev\u00eddan\u011b vysok\u00fd po\u010det v\u00edce ne\u017e 1000 pozm\u011b\u0148ovac\u00edch n\u00e1vrh\u016f, kter\u00e9 tato sm\u011brnice vygenerovala b\u011bhem n\u00e1sledn\u00e9ho projedn\u00e1v\u00e1n\u00ed v Europarlamentu.<br>&nbsp;<br><strong>\u00dadajn\u00e1 \u201esm\u011brnice proti terorismu\u201c ve skute\u010dnosti terorist\u016fm nahr\u00e1v\u00e1 k jejich \u00fatok\u016fm<\/strong><br>Sm\u011brnice se licom\u011brn\u011b tv\u00e1\u0159i, jako \u017ee je sm\u011brnic\u00ed proti terorismu, Evropsk\u00e1 komise si \u201eod\u0161krtnula vy\u0159e\u0161en\u00ed probl\u00e9mu\u201c, ale ve skute\u010dnosti se sm\u011brnici terorist\u00e9 mohou jen sm\u00e1t, proto\u017ee omezuje a odzbrojuje potenci\u00e1ln\u00ed ob\u011bti terorismu, a terorist\u016fm naopak usnadn\u00ed jejich \u00fatoky, proto\u017ee si mohou b\u00fdti jist\u00ed, \u017ee proti nim nikdo leg\u00e1ln\u011b ozbrojen\u00fd na m\u00edst\u011b nezas\u00e1hne.<br>D\u016fv\u011bryhodnosti t\u00e9to \u00fadajn\u011b protiteroristick\u00e9 sm\u011brnice nep\u0159isp\u00edv\u00e1 ani to, \u017ee byla \u201enaroubov\u00e1na\u201c nesyst\u00e9mov\u011b do kategorie sm\u011brnic k \u201eodstran\u011bn\u00ed p\u0159ek\u00e1\u017eek vnit\u0159n\u00edho trhu\u201c. V soudn\u00edm spisu je tato kauza dokonce za\u0159azena pod oblast \u201epr\u016fmyslov\u00e1 politika\u201c. Nesoulad a \u00fa\u010delovost sm\u011brnice je tedy zjevn\u00e1.<br>Jak m\u016f\u017ee sm\u011brnice b\u00fdt z\u00e1rove\u0148 deklarov\u00e1na Evropskou komis\u00ed jako \u00fa\u010dinn\u00e9 \u201eopat\u0159en\u00ed proti terorismu\u201c, kdy\u017e se jedn\u00e1 o pr\u016fmyslovou politiku k odstran\u011bn\u00ed p\u0159ek\u00e1\u017eek vnit\u0159n\u00edho trhu? Ostatn\u011b, toto je i jedn\u00edm ze \u017ealobn\u00edch d\u016fvod\u016f, \u017ee obsah sm\u011brnice sm\u011b\u0159uje k jin\u00e9mu c\u00edli.<br><br><strong>Francie: kdy\u017e n\u00e1m chc\u00edpla koza, tak sousedovi a\u0165 chc\u00edpne taky&#8230;<\/strong><br>Je absurdn\u00ed, kdy\u017e Francie, kter\u00e1 proslula mno\u017estv\u00edm teroristick\u00fdch \u00fatok\u016f a \u201eno go z\u00f3n\u201c, kter\u00e1 prakticky uz\u00e1konila permanentn\u00ed v\u00fdjime\u010dn\u00fd stav s v\u00fdjime\u010dn\u00fdmi pravomocemi st\u00e1tu v\u016f\u010di ob\u010dan\u016fm, kter\u00e1 se p\u0159es ve\u0161ker\u00e9 z\u00e1kazy leg\u00e1ln\u00edch zbran\u00ed pot\u00e1c\u00ed a\u017e p\u00e1t\u00e9 des\u00edtce zem\u00ed v bezpe\u010dnosti za Sierrou Leone a Ghanou, chce na s\u00edlu vnucovat legislativu n\u00e1m v \u010cesk\u00e9 republice, kde jsme dlouhodob\u011b na \u0161pici \u017eeb\u0159\u00ed\u010dku sedmi nejbezpe\u010dn\u011bj\u0161\u00edch a nejm\u00edrumilovn\u011bj\u0161\u00edch zem\u00ed na sv\u011bt\u011b, a kde m\u00e1me zbrojn\u00ed z\u00e1kon kvalitn\u00ed a vyv\u00e1\u017een\u00fd. Z\u0159ejm\u011b podle hesla: \u201ekdy\u017e mn\u011b chc\u00edpla koza, tak sousedovi a\u0165 chc\u00edpne taky\u201c.<br>&nbsp;<br><strong>A co \u010desk\u00fd Parlament? \u010cek\u00e1 na rozhodnut\u00ed soudu<\/strong><br>N\u00e1\u0161 Parlament zcela spr\u00e1vn\u011b sm\u011brnici o&nbsp;zbran\u00edch zat\u00edm neimplementoval (ostatn\u011b spousta st\u00e1t\u016f&nbsp;EU tak\u00e9 je\u0161t\u011b \u201enem\u00e1 implementov\u00e1no\u201c), proto\u017ee poslanci usoudili, \u017ee by to v&nbsp;na\u0161em vylad\u011bn\u00e9m zbrojn\u00edm z\u00e1kon\u011b p\u016fsobilo jako \u201edestabilizuj\u00edc\u00ed provizorium\u201c. Nav\u00edc, t\u011bch p\u00e1r skute\u010dn\u011b u\u017eite\u010dn\u00fdch v\u011bci, kter\u00e9 sm\u011brnice zav\u00e1d\u00ed (jako je nap\u0159\u00edklad centr\u00e1ln\u00ed registr zbran\u00ed), my u\u017e d\u00e1vno l\u00e9ta v na\u0161em z\u00e1kon\u011b o zbran\u00edch m\u00e1me \u201eimplementov\u00e1no\u201c. Prost\u011b l\u00e9pe je p\u016fl roku po\u010dkat, ne\u017e bude ve v\u011bci \u017ealoby rozhodnuto, nebo ne\u017e budou p\u0159ipraveny kvalitn\u011b propracovan\u00e9 nov\u00e9 zbra\u0148ov\u00e9 z\u00e1kony.<br>Pokud by Soudn\u00ed dv\u016fr EU potvrdil technicky i pr\u00e1vn\u011b paskviln\u00ed \u201eodzbrojovac\u00ed sm\u011brnici\u201c, kter\u00e1 v\u016fbec ne\u0159e\u0161\u00ed terorismus, na\u0161\u00edm \u201evzorem\u201c se tak stane Francie\/Pa\u0159\u00ed\u017e a Velk\u00e1 Brit\u00e1nie\/Lond\u00fdn, kde u\u017e sice oby\u010dejn\u00fd \u010dlov\u011bk d\u00e1vno nesm\u00ed m\u00edt leg\u00e1ln\u00ed obrannou zbra\u0148, ale zlo\u010dinci neleg\u00e1ln\u00ed zbran\u011b stejn\u011b maj\u00ed, a v \u017eeb\u0159\u00ed\u010dku bezpe\u010dnosti se tyto zem\u011b pot\u00e1cej\u00ed v a\u017e \u0161est\u00e9 des\u00edtce zem\u00ed za Sierrou Leone a Ghanou.<br>Pro tento p\u0159\u00edpad potvrzen\u00ed sm\u011brnice Ministerstvo vnitra u\u017e chyst\u00e1 nov\u00e9 \u010dty\u0159i zbrojn\u00ed z\u00e1kony, kter\u00e9 by \u201evyhov\u011bly\u201c sm\u011brnici, a z\u00e1rove\u0148 pokud mo\u017eno \u0161et\u0159ily pr\u00e1va leg\u00e1ln\u00edch dr\u017eitel\u016f zbran\u00ed.&nbsp;<br>&nbsp;<br><strong>LIGA LIBA paraleln\u011b sm\u011brnici \u201eob\u010dansky \u017ealuje\u201c tak\u00e9 u evropsk\u00e9ho ombudsmana<\/strong><br>Paraleln\u011b k EU soudu n\u00e1\u0161 spolek&nbsp;<a href=\"https:\/\/ligalibe.cz\/en\/\" target=\"_blank\" rel=\"noreferrer noopener\">LIGA LIBE<\/a>&nbsp;po ob\u010dansk\u00e9 linii rozjel u\u017e minul\u00fd rok st\u00ed\u017enost k&nbsp;<a href=\"https:\/\/www.ombudsman.europa.eu\/cs\/home\" target=\"_blank\" rel=\"noreferrer noopener\">Evropsk\u00e9 ombudsmance<\/a>, p\u0159i\u010dem\u017e Evropsk\u00e1 komise (nikoliv p\u0159ekvapiv\u011b) neodpov\u011bd\u011bla, tak\u017ee nyn\u00ed se i toto ob\u010dansk\u00e9 \u0159\u00edzen\u00ed posunuje do dal\u0161\u00ed f\u00e1ze. Zjistili jsme, \u017ee takov\u00fdch st\u00ed\u017enost\u00ed na \u010dinnost Evropsk\u00e9 komise a na r\u016fzn\u00e9 sm\u011brnice je plno. LIGA LIBE dnes reprezentuje prost\u0159ednictv\u00ed dvou&nbsp;<a href=\"https:\/\/www.peticezbrane.cz\/\" target=\"_blank\" rel=\"noreferrer noopener\">Petic proti odzbrojen\u00ed<\/a>&nbsp;p\u0159es 200 000 fyzick\u00fdch podpis\u016f od \u010desk\u00fdch dr\u017eitel\u016f zbran\u00ed i b\u011b\u017en\u00fdch ob\u010dan\u016f.<\/p>\n\n\n\n<p class=\"wp-block-paragraph\">Dal\u0161\u00ed informace o v\u00fdvoji zbra\u0148ov\u00e9 legislativy na:&nbsp;<a href=\"https:\/\/ligalibe.cz\/en\/o-nas\/mame-za-sebou\/\" target=\"_blank\" rel=\"noreferrer noopener\">www.ligalibe.cz\/o-nas\/mame-za-sebou<\/a><\/p>\n\n\n\n<p class=\"wp-block-paragraph\">A zde je je\u0161t\u011b v\u00edce informac\u00ed:<\/p>\n\n\n\n<figure class=\"wp-block-embed is-type-rich is-provider-liga-libe\"><div class=\"wp-block-embed__wrapper\">\n<blockquote class=\"wp-embedded-content\" data-secret=\"4JqmyXCVkm\"><a href=\"https:\/\/ligalibe.cz\/en\/2019\/02\/20\/detailni-informace-ligy-libe-k-rizeni-o-ceske-zalobe-na-neplatnost-zbranove-smernice\/\">Detailn\u00ed informace Ligy Libe k \u0159\u00edzen\u00ed o \u010desk\u00e9 \u017ealob\u011b na neplatnost &#8222;zbra\u0148ov\u00e9 sm\u011brnice&#8220;<\/a><\/blockquote><iframe loading=\"lazy\" class=\"wp-embedded-content\" sandbox=\"allow-scripts\" security=\"restricted\" style=\"position: absolute; clip: rect(1px, 1px, 1px, 1px);\" src=\"https:\/\/ligalibe.cz\/2019\/02\/20\/detailni-informace-ligy-libe-k-rizeni-o-ceske-zalobe-na-neplatnost-zbranove-smernice\/embed\/#?secret=4JqmyXCVkm\" data-secret=\"4JqmyXCVkm\" width=\"600\" height=\"338\" title=\"&#8222;Detailn\u00ed informace Ligy Libe k \u0159\u00edzen\u00ed o \u010desk\u00e9 \u017ealob\u011b na neplatnost &#8222;zbra\u0148ov\u00e9 sm\u011brnice&#8220;&#8220; &#8212; Liga Libe\" frameborder=\"0\" marginwidth=\"0\" marginheight=\"0\" scrolling=\"no\"><\/iframe>\n<\/div><\/figure>\n\n\n\n<p class=\"wp-block-paragraph\">V\u0161e podstatn\u00e9 od soudu 5. 3. 2019 si m\u016f\u017eete p\u0159ehr\u00e1t tak\u00e9 ve videu, kter\u00e9 jsme nato\u010dili p\u0159\u00edmo v Lucemburku, a kter\u00e9 zhl\u00e9dnulo ji\u017e 40 tis\u00edc div\u00e1k\u016f:<\/p>\n\n\n\n<p class=\"wp-block-paragraph\"><a href=\"http:\/\/www.facebook.com\/straka.bohous\/videos\/2292027314408789\" target=\"_blank\" rel=\"noreferrer noopener\">www.facebook.com\/straka.bohous\/videos\/2292027314408789<\/a><\/p>\n\n\n\n<p class=\"wp-block-paragraph\"><strong>Origin\u00e1l dne\u0161n\u00ed tiskov\u00e9 zpr\u00e1vy EU soudu&nbsp;<\/strong>je zde:&nbsp;<a href=\"https:\/\/curia.europa.eu\/jcms\/upload\/docs\/application\/pdf\/2019-04\/cp190049cs.pdf\" target=\"_blank\" rel=\"noreferrer noopener\">https:\/\/curia.europa.eu\/jcms\/upload\/docs\/application\/pdf\/2019-04\/cp190049cs.pdf<\/a><\/p>\n\n\n\n<p class=\"wp-block-paragraph\"><strong>Origin\u00e1l dne\u0161n\u00edho cel\u00e9ho stanoviska<\/strong>&nbsp;(zat\u00edm jen v angli\u010dtin\u011b) je zde:<\/p>\n\n\n\n<p class=\"wp-block-paragraph\"><a href=\"http:\/\/curia.europa.eu\/juris\/document\/document.jsf?text=&amp;docid=212927&amp;pageIndex=0&amp;doclang=EN&amp;mode=lst&amp;dir=&amp;occ=first&amp;part=1&amp;cid=1277847\">http:\/\/curia.europa.eu\/juris\/document\/document.jsf?text=&amp;docid=212927&amp;pageIndex=0&amp;doclang=EN&amp;mode=lst&amp;dir=&amp;occ=first&amp;part=1&amp;cid=1277847<\/a><\/p>\n\n\n\n<p class=\"wp-block-paragraph\">S pozdravem<\/p>\n\n\n\n<table class=\"wp-block-table\"><tbody><tr><td><strong><br>Dr. Bohumil Straka<\/strong><\/td><\/tr><\/tbody><\/table>\n\n\n\n<ul class=\"wp-block-gallery columns-3 is-cropped wp-block-gallery-1 is-layout-flex wp-block-gallery-is-layout-flex\"><li class=\"blocks-gallery-item\"><figure><img data-recalc-dims=\"1\" loading=\"lazy\" decoding=\"async\" width=\"559\" height=\"403\" data-attachment-id=\"1991\" data-permalink=\"https:\/\/ligalibe.cz\/en\/2019\/04\/11\/vyjadreni-ligy-libe-k-dnesnimu-stanovisku-generalni-advokatky-esd-k-ceske-zalobe-na-protizbranovou-smernici-eu-komise\/zaloba1\/\" data-orig-file=\"https:\/\/i0.wp.com\/ligalibe.cz\/wp-content\/uploads\/2019\/04\/zaloba1.jpg?fit=559%2C403&amp;ssl=1\" data-orig-size=\"559,403\" data-comments-opened=\"1\" data-image-meta=\"{&quot;aperture&quot;:&quot;0&quot;,&quot;credit&quot;:&quot;&quot;,&quot;camera&quot;:&quot;&quot;,&quot;caption&quot;:&quot;&quot;,&quot;created_timestamp&quot;:&quot;0&quot;,&quot;copyright&quot;:&quot;&quot;,&quot;focal_length&quot;:&quot;0&quot;,&quot;iso&quot;:&quot;0&quot;,&quot;shutter_speed&quot;:&quot;0&quot;,&quot;title&quot;:&quot;&quot;,&quot;orientation&quot;:&quot;0&quot;}\" data-image-title=\"zaloba1\" data-image-description=\"\" data-image-caption=\"\" data-large-file=\"https:\/\/i0.wp.com\/ligalibe.cz\/wp-content\/uploads\/2019\/04\/zaloba1.jpg?fit=559%2C403&amp;ssl=1\" src=\"https:\/\/i0.wp.com\/ligalibe.cz\/wp-content\/uploads\/2019\/04\/zaloba1.jpg?resize=559%2C403&#038;ssl=1\" alt=\"\" data-id=\"1991\" data-link=\"https:\/\/ligalibe.cz\/?attachment_id=1991\" class=\"wp-image-1991\" srcset=\"https:\/\/i0.wp.com\/ligalibe.cz\/wp-content\/uploads\/2019\/04\/zaloba1.jpg?w=559&amp;ssl=1 559w, https:\/\/i0.wp.com\/ligalibe.cz\/wp-content\/uploads\/2019\/04\/zaloba1.jpg?resize=300%2C216&amp;ssl=1 300w\" sizes=\"auto, (max-width: 559px) 100vw, 559px\" \/><figcaption> <br>5. 3. 2019 o p\u0159est\u00e1vce se na\u0161i pr\u00e1vn\u00ed z\u00e1stupci z Ministerstva zahrani\u010d\u00ed a Ministerstva vnitra poradili, a nyn\u00ed u\u017e p\u016fl hodiny n\u00e1m\u011bstek MZE state\u010dn\u011b \u010del\u00ed velmi ostr\u00fdm a z\u00e1ludn\u00fdm ot\u00e1zk\u00e1m zpochyb\u0148uj\u00edc\u00ed argumenty \u017ealoby ze strany soudc\u016f. <\/figcaption><\/figure><\/li><li class=\"blocks-gallery-item\"><figure><img data-recalc-dims=\"1\" loading=\"lazy\" decoding=\"async\" width=\"549\" height=\"412\" data-attachment-id=\"1992\" data-permalink=\"https:\/\/ligalibe.cz\/en\/2019\/04\/11\/vyjadreni-ligy-libe-k-dnesnimu-stanovisku-generalni-advokatky-esd-k-ceske-zalobe-na-protizbranovou-smernici-eu-komise\/zaloba2\/\" data-orig-file=\"https:\/\/i0.wp.com\/ligalibe.cz\/wp-content\/uploads\/2019\/04\/zaloba2.jpg?fit=549%2C412&amp;ssl=1\" data-orig-size=\"549,412\" data-comments-opened=\"1\" data-image-meta=\"{&quot;aperture&quot;:&quot;0&quot;,&quot;credit&quot;:&quot;&quot;,&quot;camera&quot;:&quot;&quot;,&quot;caption&quot;:&quot;&quot;,&quot;created_timestamp&quot;:&quot;0&quot;,&quot;copyright&quot;:&quot;&quot;,&quot;focal_length&quot;:&quot;0&quot;,&quot;iso&quot;:&quot;0&quot;,&quot;shutter_speed&quot;:&quot;0&quot;,&quot;title&quot;:&quot;&quot;,&quot;orientation&quot;:&quot;0&quot;}\" data-image-title=\"zaloba2\" data-image-description=\"\" data-image-caption=\"\" data-large-file=\"https:\/\/i0.wp.com\/ligalibe.cz\/wp-content\/uploads\/2019\/04\/zaloba2.jpg?fit=549%2C412&amp;ssl=1\" src=\"https:\/\/i0.wp.com\/ligalibe.cz\/wp-content\/uploads\/2019\/04\/zaloba2.jpg?resize=549%2C412&#038;ssl=1\" alt=\"\" data-id=\"1992\" data-link=\"https:\/\/ligalibe.cz\/?attachment_id=1992\" class=\"wp-image-1992\" srcset=\"https:\/\/i0.wp.com\/ligalibe.cz\/wp-content\/uploads\/2019\/04\/zaloba2.jpg?w=549&amp;ssl=1 549w, https:\/\/i0.wp.com\/ligalibe.cz\/wp-content\/uploads\/2019\/04\/zaloba2.jpg?resize=300%2C225&amp;ssl=1 300w\" sizes=\"auto, (max-width: 549px) 100vw, 549px\" \/><figcaption> <br>5. 3. 2019 &#8222;P\u0159e\u0159azen\u00ed n\u011bjak\u00e9 zbran\u011b do zak\u00e1zan\u00e9 kategorie A neznamen\u00e1 ztr\u00e1tu vlastnick\u00e9ho pr\u00e1va, proto\u017ee si vlastn\u00edk m\u016f\u017ee zbra\u0148 ponechat, kdy\u017e ji nech\u00e1 znehodnotit&#8220;, &#8222;perlila&#8220; \u010desk\u00e1 pr\u00e1vni\u010dka najat\u00e1 Evropskou komis\u00ed (ta pan\u00ed stoj\u00edc\u00ed u \u0159e\u010dnick\u00e9ho pult\u00edku)<br><br><br> <\/figcaption><\/figure><\/li><li class=\"blocks-gallery-item\"><figure><img data-recalc-dims=\"1\" loading=\"lazy\" decoding=\"async\" width=\"573\" height=\"430\" data-attachment-id=\"1993\" data-permalink=\"https:\/\/ligalibe.cz\/en\/2019\/04\/11\/vyjadreni-ligy-libe-k-dnesnimu-stanovisku-generalni-advokatky-esd-k-ceske-zalobe-na-protizbranovou-smernici-eu-komise\/zaloba3\/\" data-orig-file=\"https:\/\/i0.wp.com\/ligalibe.cz\/wp-content\/uploads\/2019\/04\/zaloba3.jpg?fit=573%2C430&amp;ssl=1\" data-orig-size=\"573,430\" data-comments-opened=\"1\" data-image-meta=\"{&quot;aperture&quot;:&quot;0&quot;,&quot;credit&quot;:&quot;&quot;,&quot;camera&quot;:&quot;&quot;,&quot;caption&quot;:&quot;&quot;,&quot;created_timestamp&quot;:&quot;0&quot;,&quot;copyright&quot;:&quot;&quot;,&quot;focal_length&quot;:&quot;0&quot;,&quot;iso&quot;:&quot;0&quot;,&quot;shutter_speed&quot;:&quot;0&quot;,&quot;title&quot;:&quot;&quot;,&quot;orientation&quot;:&quot;0&quot;}\" data-image-title=\"zaloba3\" data-image-description=\"\" data-image-caption=\"\" data-large-file=\"https:\/\/i0.wp.com\/ligalibe.cz\/wp-content\/uploads\/2019\/04\/zaloba3.jpg?fit=573%2C430&amp;ssl=1\" src=\"https:\/\/i0.wp.com\/ligalibe.cz\/wp-content\/uploads\/2019\/04\/zaloba3.jpg?resize=573%2C430&#038;ssl=1\" alt=\"\" data-id=\"1993\" data-link=\"https:\/\/ligalibe.cz\/?attachment_id=1993\" class=\"wp-image-1993\" srcset=\"https:\/\/i0.wp.com\/ligalibe.cz\/wp-content\/uploads\/2019\/04\/zaloba3.jpg?w=573&amp;ssl=1 573w, https:\/\/i0.wp.com\/ligalibe.cz\/wp-content\/uploads\/2019\/04\/zaloba3.jpg?resize=300%2C225&amp;ssl=1 300w\" sizes=\"auto, (max-width: 573px) 100vw, 573px\" \/><figcaption> <br>5. 3. 2019 Budova Evropsk\u00e9ho soudn\u00edho dvora v Lucemburku<br><br><br> <\/figcaption><\/figure><\/li><li class=\"blocks-gallery-item\"><figure><img data-recalc-dims=\"1\" loading=\"lazy\" decoding=\"async\" width=\"565\" height=\"424\" data-attachment-id=\"1994\" data-permalink=\"https:\/\/ligalibe.cz\/en\/2019\/04\/11\/vyjadreni-ligy-libe-k-dnesnimu-stanovisku-generalni-advokatky-esd-k-ceske-zalobe-na-protizbranovou-smernici-eu-komise\/zaloba4\/\" data-orig-file=\"https:\/\/i0.wp.com\/ligalibe.cz\/wp-content\/uploads\/2019\/04\/zaloba4.jpg?fit=565%2C424&amp;ssl=1\" data-orig-size=\"565,424\" data-comments-opened=\"1\" data-image-meta=\"{&quot;aperture&quot;:&quot;0&quot;,&quot;credit&quot;:&quot;&quot;,&quot;camera&quot;:&quot;&quot;,&quot;caption&quot;:&quot;&quot;,&quot;created_timestamp&quot;:&quot;0&quot;,&quot;copyright&quot;:&quot;&quot;,&quot;focal_length&quot;:&quot;0&quot;,&quot;iso&quot;:&quot;0&quot;,&quot;shutter_speed&quot;:&quot;0&quot;,&quot;title&quot;:&quot;&quot;,&quot;orientation&quot;:&quot;0&quot;}\" data-image-title=\"zaloba4\" data-image-description=\"\" data-image-caption=\"\" data-large-file=\"https:\/\/i0.wp.com\/ligalibe.cz\/wp-content\/uploads\/2019\/04\/zaloba4.jpg?fit=565%2C424&amp;ssl=1\" src=\"https:\/\/i0.wp.com\/ligalibe.cz\/wp-content\/uploads\/2019\/04\/zaloba4.jpg?resize=565%2C424&#038;ssl=1\" alt=\"\" data-id=\"1994\" data-link=\"https:\/\/ligalibe.cz\/?attachment_id=1994\" class=\"wp-image-1994\" srcset=\"https:\/\/i0.wp.com\/ligalibe.cz\/wp-content\/uploads\/2019\/04\/zaloba4.jpg?w=565&amp;ssl=1 565w, https:\/\/i0.wp.com\/ligalibe.cz\/wp-content\/uploads\/2019\/04\/zaloba4.jpg?resize=300%2C225&amp;ssl=1 300w\" sizes=\"auto, (max-width: 565px) 100vw, 565px\" \/><figcaption> <br>5. 3. 2019 Velk\u00fd jednac\u00ed s\u00e1l soudu EU<br><br><br> <\/figcaption><\/figure><\/li><li class=\"blocks-gallery-item\"><figure><img data-recalc-dims=\"1\" loading=\"lazy\" decoding=\"async\" width=\"573\" height=\"430\" data-attachment-id=\"1995\" data-permalink=\"https:\/\/ligalibe.cz\/en\/2019\/04\/11\/vyjadreni-ligy-libe-k-dnesnimu-stanovisku-generalni-advokatky-esd-k-ceske-zalobe-na-protizbranovou-smernici-eu-komise\/zaloba5\/\" data-orig-file=\"https:\/\/i0.wp.com\/ligalibe.cz\/wp-content\/uploads\/2019\/04\/zaloba5.jpg?fit=573%2C430&amp;ssl=1\" data-orig-size=\"573,430\" data-comments-opened=\"1\" data-image-meta=\"{&quot;aperture&quot;:&quot;0&quot;,&quot;credit&quot;:&quot;&quot;,&quot;camera&quot;:&quot;&quot;,&quot;caption&quot;:&quot;&quot;,&quot;created_timestamp&quot;:&quot;0&quot;,&quot;copyright&quot;:&quot;&quot;,&quot;focal_length&quot;:&quot;0&quot;,&quot;iso&quot;:&quot;0&quot;,&quot;shutter_speed&quot;:&quot;0&quot;,&quot;title&quot;:&quot;&quot;,&quot;orientation&quot;:&quot;0&quot;}\" data-image-title=\"zaloba5\" data-image-description=\"\" data-image-caption=\"\" data-large-file=\"https:\/\/i0.wp.com\/ligalibe.cz\/wp-content\/uploads\/2019\/04\/zaloba5.jpg?fit=573%2C430&amp;ssl=1\" src=\"https:\/\/i0.wp.com\/ligalibe.cz\/wp-content\/uploads\/2019\/04\/zaloba5.jpg?resize=573%2C430&#038;ssl=1\" alt=\"\" data-id=\"1995\" data-link=\"https:\/\/ligalibe.cz\/?attachment_id=1995\" class=\"wp-image-1995\" srcset=\"https:\/\/i0.wp.com\/ligalibe.cz\/wp-content\/uploads\/2019\/04\/zaloba5.jpg?w=573&amp;ssl=1 573w, https:\/\/i0.wp.com\/ligalibe.cz\/wp-content\/uploads\/2019\/04\/zaloba5.jpg?resize=300%2C225&amp;ssl=1 300w\" sizes=\"auto, (max-width: 573px) 100vw, 573px\" \/><figcaption> <br>5. 3. 2019\u00a0Z\u00e1stupce \u010cR &#8211; n\u00e1m\u011bstek MZV Dr. Smolek<br><br><br> <\/figcaption><\/figure><\/li><li class=\"blocks-gallery-item\"><figure><img data-recalc-dims=\"1\" loading=\"lazy\" decoding=\"async\" width=\"563\" height=\"422\" data-attachment-id=\"1996\" data-permalink=\"https:\/\/ligalibe.cz\/en\/2019\/04\/11\/vyjadreni-ligy-libe-k-dnesnimu-stanovisku-generalni-advokatky-esd-k-ceske-zalobe-na-protizbranovou-smernici-eu-komise\/zaloba6\/\" data-orig-file=\"https:\/\/i0.wp.com\/ligalibe.cz\/wp-content\/uploads\/2019\/04\/zaloba6.jpg?fit=563%2C422&amp;ssl=1\" data-orig-size=\"563,422\" data-comments-opened=\"1\" data-image-meta=\"{&quot;aperture&quot;:&quot;0&quot;,&quot;credit&quot;:&quot;&quot;,&quot;camera&quot;:&quot;&quot;,&quot;caption&quot;:&quot;&quot;,&quot;created_timestamp&quot;:&quot;0&quot;,&quot;copyright&quot;:&quot;&quot;,&quot;focal_length&quot;:&quot;0&quot;,&quot;iso&quot;:&quot;0&quot;,&quot;shutter_speed&quot;:&quot;0&quot;,&quot;title&quot;:&quot;&quot;,&quot;orientation&quot;:&quot;0&quot;}\" data-image-title=\"zaloba6\" data-image-description=\"\" data-image-caption=\"\" data-large-file=\"https:\/\/i0.wp.com\/ligalibe.cz\/wp-content\/uploads\/2019\/04\/zaloba6.jpg?fit=563%2C422&amp;ssl=1\" src=\"https:\/\/i0.wp.com\/ligalibe.cz\/wp-content\/uploads\/2019\/04\/zaloba6.jpg?resize=563%2C422&#038;ssl=1\" alt=\"\" data-id=\"1996\" data-link=\"https:\/\/ligalibe.cz\/?attachment_id=1996\" class=\"wp-image-1996\" srcset=\"https:\/\/i0.wp.com\/ligalibe.cz\/wp-content\/uploads\/2019\/04\/zaloba6.jpg?w=563&amp;ssl=1 563w, https:\/\/i0.wp.com\/ligalibe.cz\/wp-content\/uploads\/2019\/04\/zaloba6.jpg?resize=300%2C225&amp;ssl=1 300w\" sizes=\"auto, (max-width: 563px) 100vw, 563px\" \/><figcaption> <br>5. 3. 2019 Spor \u010cR versus EU budil velkou pozornost &#8211; m\u00edsta pro hosty byla zapln\u011bna a tlumo\u010dilo se do 20 jazyk\u016f<br><br> <\/figcaption><\/figure><\/li><\/ul>","protected":false},"excerpt":{"rendered":"<p>Ze starost\u00ed \u00fa\u0159edn\u00edk\u016f o na\u0161e bezpe\u010d\u00ed za\u010d\u00edn\u00e1me m\u00edt v\u00e1\u017en\u00fd pocit nebezpe\u010d\u00ed: gener\u00e1ln\u00ed advok\u00e1tka navrhnula Soudu EU, aby \u017ealobu \u010cR na&#x2026; <\/p>\n<p class=\"more-link-container th-text-xs th-links-inherit th-uppercase\"><a href=\"https:\/\/ligalibe.cz\/en\/2019\/04\/11\/vyjadreni-ligy-libe-k-dnesnimu-stanovisku-generalni-advokatky-esd-k-ceske-zalobe-na-protizbranovou-smernici-eu-komise\/\" class=\"more-link\">Read More <span class=\"screen-reader-text\">Vyj\u00e1d\u0159en\u00ed LIGY LIBE, k dne\u0161n\u00edmu stanovisku gener\u00e1ln\u00ed advok\u00e1tky ESD, k \u010desk\u00e9 \u017ealob\u011b na protizbra\u0148ovou sm\u011brnici EU komise<\/span><\/a><\/p>","protected":false},"author":140239199,"featured_media":0,"comment_status":"open","ping_status":"open","sticky":false,"template":"","format":"standard","meta":{"_jetpack_newsletter_access":"","_jetpack_dont_email_post_to_subs":false,"_jetpack_newsletter_tier_id":0,"_jetpack_memberships_contains_paywalled_content":false,"_wpcom_ai_launchpad_first_post":false,"_jetpack_feature_clip_id":0,"_jetpack_memberships_contains_paid_content":false,"footnotes":"","jetpack_publicize_message":"{title}\n\n{excerpt}\n\n{url}","jetpack_publicize_feature_enabled":true,"jetpack_social_post_already_shared":true,"jetpack_social_options":{"image_generator_settings":{"template":"highway","default_image_id":0,"font":"","enabled":false},"version":2},"_wpas_customize_per_network":false,"jetpack_post_was_ever_published":false},"categories":[438743],"tags":[],"class_list":["post-1990","post","type-post","status-publish","format-standard","hentry","category-aktuality"],"jetpack_publicize_connections":[],"jetpack_likes_enabled":true,"jetpack_sharing_enabled":true,"jetpack_shortlink":"https:\/\/wp.me\/p9ZdzN-w6","amp_enabled":true,"jetpack_featured_media_url":"","_links":{"self":[{"href":"https:\/\/ligalibe.cz\/en\/wp-json\/wp\/v2\/posts\/1990","targetHints":{"allow":["GET"]}}],"collection":[{"href":"https:\/\/ligalibe.cz\/en\/wp-json\/wp\/v2\/posts"}],"about":[{"href":"https:\/\/ligalibe.cz\/en\/wp-json\/wp\/v2\/types\/post"}],"author":[{"embeddable":true,"href":"https:\/\/ligalibe.cz\/en\/wp-json\/wp\/v2\/users\/140239199"}],"replies":[{"embeddable":true,"href":"https:\/\/ligalibe.cz\/en\/wp-json\/wp\/v2\/comments?post=1990"}],"version-history":[{"count":1,"href":"https:\/\/ligalibe.cz\/en\/wp-json\/wp\/v2\/posts\/1990\/revisions"}],"predecessor-version":[{"id":1997,"href":"https:\/\/ligalibe.cz\/en\/wp-json\/wp\/v2\/posts\/1990\/revisions\/1997"}],"wp:attachment":[{"href":"https:\/\/ligalibe.cz\/en\/wp-json\/wp\/v2\/media?parent=1990"}],"wp:term":[{"taxonomy":"category","embeddable":true,"href":"https:\/\/ligalibe.cz\/en\/wp-json\/wp\/v2\/categories?post=1990"},{"taxonomy":"post_tag","embeddable":true,"href":"https:\/\/ligalibe.cz\/en\/wp-json\/wp\/v2\/tags?post=1990"}],"curies":[{"name":"wp","href":"https:\/\/api.w.org\/{rel}","templated":true}]}}