{"id":1864,"date":"2019-02-25T17:47:12","date_gmt":"2019-02-25T16:47:12","guid":{"rendered":"https:\/\/ligalibe.cz\/?p=1864"},"modified":"2019-02-27T20:24:59","modified_gmt":"2019-02-27T19:24:59","slug":"hoaxy-pana-europoslance-zdechovskeho","status":"publish","type":"post","link":"https:\/\/ligalibe.cz\/en\/2019\/02\/25\/hoaxy-pana-europoslance-zdechovskeho\/","title":{"rendered":"Hoaxy (nejen) pana europoslance Zdechovsk\u00e9ho"},"content":{"rendered":"<!--more-->\n\n\n\n<p class=\"wp-block-paragraph\">Rozs\u00e1hl\u00e1 zpr\u00e1va v\u00fdboru pro terorismus, kter\u00e1 mj.&nbsp;vyb\u00edz\u00ed k z\u00e1kazu no\u017e\u016f, schv\u00e1len\u00e1 ned\u00e1vno plen\u00e1rn\u00edm zased\u00e1n\u00edm Europarlamentu,&nbsp;je &nbsp;v\u011bc, kter\u00e1 d\u011bs\u00ed miliony lid\u00ed, skauty nebo turisty, co si otev\u00edraj\u00ed na t\u00fa\u0159e no\u017e\u00edkem konzervu, kluky s &#8222;rybi\u010dkou&#8220;, p\u0159es myslivce, kte\u0159\u00ed nos\u00ed n\u016f\u017e do lesa, p\u0159es houba\u0159e, ryb\u00e1\u0159e, a\u017e po zahr\u00e1dk\u00e1\u0159e, kter\u00fd si jdou na pole ukrojit hl\u00e1vku zel\u00ed.<\/p>\n\n\n\n<p class=\"wp-block-paragraph\">Hodn\u00e9 z\u0159etele je v p\u0159\u00edloze &#8222;Plen\u00e1rn\u00ed zased\u00e1n\u00ed A8-0374\/2018 ZPR\u00c1VA o z\u00e1v\u011brech a doporu\u010den\u00edch Zvl\u00e1\u0161tn\u00edho v\u00fdboru pro terorismus &#8222;, str\u00e1nka 51, bod&nbsp;<em>&#8222;194. vyb\u00edz\u00ed \u010dlensk\u00e9 st\u00e1ty, aby zv\u00e1\u017eily mo\u017enost stanoven\u00ed z\u00e1kazu no\u0161en\u00ed no\u017e\u016f bez p\u00e1dn\u00e9ho d\u016fvodu, zakazuj\u00edc\u00edho p\u0159edev\u0161\u00edm nejnebezpe\u010dn\u011bj\u0161\u00ed no\u017ee, jako jsou zombie no\u017ee nebo mot\u00fdlkov\u00e9 no\u017ee, a aby tyto opat\u0159en\u00ed prosazovaly i v prost\u0159ed\u00ed internetu;&#8220;<\/em><\/p>\n\n\n\n<p class=\"wp-block-paragraph\"><a href=\"http:\/\/www.europarl.europa.eu\/doceo\/document\/A-8-2018-0374_CS.html\" target=\"_blank\" rel=\"noreferrer noopener\">www.europarl.europa.eu\/doceo\/document\/A-8-2018-0374_CS.html<\/a><\/p>\n\n\n\n<figure class=\"wp-block-image is-resized\"><img data-recalc-dims=\"1\" loading=\"lazy\" decoding=\"async\" data-attachment-id=\"1868\" data-permalink=\"https:\/\/ligalibe.cz\/en\/2019\/02\/20\/detailni-informace-ligy-libe-k-rizeni-o-ceske-zalobe-na-neplatnost-zbranove-smernice\/image003-3\/\" data-orig-file=\"https:\/\/i0.wp.com\/ligalibe.cz\/wp-content\/uploads\/2019\/02\/image003.jpg?fit=577%2C433&amp;ssl=1\" data-orig-size=\"577,433\" data-comments-opened=\"1\" data-image-meta=\"{&quot;aperture&quot;:&quot;0&quot;,&quot;credit&quot;:&quot;&quot;,&quot;camera&quot;:&quot;&quot;,&quot;caption&quot;:&quot;&quot;,&quot;created_timestamp&quot;:&quot;0&quot;,&quot;copyright&quot;:&quot;&quot;,&quot;focal_length&quot;:&quot;0&quot;,&quot;iso&quot;:&quot;0&quot;,&quot;shutter_speed&quot;:&quot;0&quot;,&quot;title&quot;:&quot;&quot;,&quot;orientation&quot;:&quot;0&quot;}\" data-image-title=\"image003\" data-image-description=\"\" data-image-caption=\"\" data-large-file=\"https:\/\/i0.wp.com\/ligalibe.cz\/wp-content\/uploads\/2019\/02\/image003.jpg?fit=577%2C433&amp;ssl=1\" src=\"https:\/\/i0.wp.com\/ligalibe.cz\/wp-content\/uploads\/2019\/02\/image003.jpg?resize=546%2C410&#038;ssl=1\" alt=\"\" class=\"wp-image-1868\" width=\"546\" height=\"410\" srcset=\"https:\/\/i0.wp.com\/ligalibe.cz\/wp-content\/uploads\/2019\/02\/image003.jpg?w=577&amp;ssl=1 577w, https:\/\/i0.wp.com\/ligalibe.cz\/wp-content\/uploads\/2019\/02\/image003.jpg?resize=300%2C225&amp;ssl=1 300w\" sizes=\"auto, (max-width: 546px) 100vw, 546px\" \/><\/figure>\n\n\n\n<p class=\"wp-block-paragraph\">I kdy\u017e je to zat\u00edm &#8222;jen&#8220; n\u00e1vrh&nbsp; resp. jen &#8222;vyb\u00edzen\u00ed&#8220;, jak je vid\u011bt i z 3000 odpov\u011bd\u00ed , tak 98% oby\u010dejn\u00fdch lid\u00ed se z\u00e1kazem nesouhlas\u00ed nebo je tohoto p\u0159\u00edmo d\u011bs\u00ed.<\/p>\n\n\n\n<p class=\"wp-block-paragraph\">Zdroj:&nbsp;<a rel=\"noreferrer noopener\" href=\"http:\/\/www.denik.cz\/evropska-unie\/do-lesa-bez-noze-evropska-unie-navrhuje-jejich-zakaz-20190216q.html\" target=\"_blank\">www.denik.cz\/evropska-unie\/do-lesa-bez-noze-evropska-unie-navrhuje-jejich-zakaz-20190216q.html<\/a><\/p>\n\n\n\n<figure class=\"wp-block-image is-resized\"><img data-recalc-dims=\"1\" loading=\"lazy\" decoding=\"async\" data-attachment-id=\"1869\" data-permalink=\"https:\/\/ligalibe.cz\/en\/2019\/02\/20\/detailni-informace-ligy-libe-k-rizeni-o-ceske-zalobe-na-neplatnost-zbranove-smernice\/image005-3\/\" data-orig-file=\"https:\/\/i0.wp.com\/ligalibe.cz\/wp-content\/uploads\/2019\/02\/image005.jpg?fit=483%2C177&amp;ssl=1\" data-orig-size=\"483,177\" data-comments-opened=\"1\" data-image-meta=\"{&quot;aperture&quot;:&quot;0&quot;,&quot;credit&quot;:&quot;&quot;,&quot;camera&quot;:&quot;&quot;,&quot;caption&quot;:&quot;&quot;,&quot;created_timestamp&quot;:&quot;0&quot;,&quot;copyright&quot;:&quot;&quot;,&quot;focal_length&quot;:&quot;0&quot;,&quot;iso&quot;:&quot;0&quot;,&quot;shutter_speed&quot;:&quot;0&quot;,&quot;title&quot;:&quot;&quot;,&quot;orientation&quot;:&quot;0&quot;}\" data-image-title=\"image005\" data-image-description=\"\" data-image-caption=\"\" data-large-file=\"https:\/\/i0.wp.com\/ligalibe.cz\/wp-content\/uploads\/2019\/02\/image005.jpg?fit=483%2C177&amp;ssl=1\" src=\"https:\/\/i0.wp.com\/ligalibe.cz\/wp-content\/uploads\/2019\/02\/image005.jpg?resize=465%2C170&#038;ssl=1\" alt=\"\" class=\"wp-image-1869\" width=\"465\" height=\"170\" srcset=\"https:\/\/i0.wp.com\/ligalibe.cz\/wp-content\/uploads\/2019\/02\/image005.jpg?w=483&amp;ssl=1 483w, https:\/\/i0.wp.com\/ligalibe.cz\/wp-content\/uploads\/2019\/02\/image005.jpg?resize=300%2C110&amp;ssl=1 300w\" sizes=\"auto, (max-width: 465px) 100vw, 465px\" \/><\/figure>\n\n\n\n<p class=\"wp-block-paragraph\">Samoz\u0159ejm\u011b Evropsk\u00e1 komise, asi jako &#8222;uli\u010dn\u00edk chycen\u00fd a ruk\u00e1v&#8220;, ihned n\u00e1vrh a z\u00e1m\u011br pop\u00edr\u00e1, bagatelizuje a ozna\u010duje za fake news, \u00fapln\u011b stejn\u011b, jako p\u0159ed m\u011bs\u00edcem u pl\u00e1novan\u00e9ho z\u00e1kazu olova, kde EK l\u017eiv\u011b tvrdila, \u017ee se jedn\u00e1 jen o z\u00e1kaz na mok\u0159adech (ale pak jsme vyt\u00e1hnuli jejich vlastn\u00ed&nbsp;<a href=\"http:\/\/echa.europa.eu\/documents\/10162\/13641\/echa_annex_xv_restriction_proposals_en.pdf\" target=\"_blank\" rel=\"noreferrer noopener\">dokument<\/a>, kde ji\u017e v r. 2015 jasn\u011b zad\u00e1v\u00e1 n\u00e1vrh restrikc\u00ed i mimo mok\u0159ady).<\/p>\n\n\n\n<p class=\"wp-block-paragraph\">Tady zase EK tvrd\u00ed, \u017ee se nic nechyst\u00e1, \u017ee jde o &#8222;hloupost&#8220; a &#8222;nespr\u00e1vn\u00e9 tvrzen\u00ed\u201d, resp. jin\u00ed &#8211; nap\u0159. Europoslanec Zdechovsk\u00fd z KDU-\u010cSL, zase v\u011bc bagatelizuj\u00ed&nbsp; s t\u00edm, \u017ee by se jednalo jen o z\u00e1kaz zombie no\u017e\u016f, ale stejn\u011b jako u chystan\u00fdch z\u00e1kaz\u016f olova \u010desky i anglicky \u010d\u00edst um\u00edme, a v\u00edme co znamen\u00e1&nbsp;&#8222;possible restrictions on the carrying of knives without a valid reason resp. stanoven\u00ed z\u00e1kazu no\u0161en\u00ed no\u017e\u016f bez p\u00e1dn\u00e9ho d\u016fvodu&#8220;. Zde se jasn\u011b jedn\u00e1 o jak\u00fdkoliv n\u016f\u017e bez p\u0159\u00edvlastku (tedy nap\u0159 i o kuchy\u0148sk\u00fd nebo zav\u00edrac\u00ed nu\u017e), zombie a mot\u00fdlkov\u00e9 no\u017ee jsou zd\u016frazn\u011bny jen v dov\u011btku (tam by cht\u011bli kompletn\u00ed z\u00e1kaz, ne jen z\u00e1kaz no\u0161en\u00ed).<\/p>\n\n\n\n<figure class=\"wp-block-image is-resized\"><img data-recalc-dims=\"1\" loading=\"lazy\" decoding=\"async\" data-attachment-id=\"1870\" data-permalink=\"https:\/\/ligalibe.cz\/en\/2019\/02\/20\/detailni-informace-ligy-libe-k-rizeni-o-ceske-zalobe-na-neplatnost-zbranove-smernice\/image004-2\/\" data-orig-file=\"https:\/\/i0.wp.com\/ligalibe.cz\/wp-content\/uploads\/2019\/02\/image004.jpg?fit=433%2C459&amp;ssl=1\" data-orig-size=\"433,459\" data-comments-opened=\"1\" data-image-meta=\"{&quot;aperture&quot;:&quot;0&quot;,&quot;credit&quot;:&quot;&quot;,&quot;camera&quot;:&quot;&quot;,&quot;caption&quot;:&quot;&quot;,&quot;created_timestamp&quot;:&quot;0&quot;,&quot;copyright&quot;:&quot;&quot;,&quot;focal_length&quot;:&quot;0&quot;,&quot;iso&quot;:&quot;0&quot;,&quot;shutter_speed&quot;:&quot;0&quot;,&quot;title&quot;:&quot;&quot;,&quot;orientation&quot;:&quot;0&quot;}\" data-image-title=\"image004\" data-image-description=\"\" data-image-caption=\"\" data-large-file=\"https:\/\/i0.wp.com\/ligalibe.cz\/wp-content\/uploads\/2019\/02\/image004.jpg?fit=433%2C459&amp;ssl=1\" src=\"https:\/\/i0.wp.com\/ligalibe.cz\/wp-content\/uploads\/2019\/02\/image004.jpg?resize=398%2C422&#038;ssl=1\" alt=\"\" class=\"wp-image-1870\" width=\"398\" height=\"422\" srcset=\"https:\/\/i0.wp.com\/ligalibe.cz\/wp-content\/uploads\/2019\/02\/image004.jpg?w=433&amp;ssl=1 433w, https:\/\/i0.wp.com\/ligalibe.cz\/wp-content\/uploads\/2019\/02\/image004.jpg?resize=283%2C300&amp;ssl=1 283w\" sizes=\"auto, (max-width: 398px) 100vw, 398px\" \/><figcaption> <br><a rel=\"noreferrer noopener\" href=\"https:\/\/twitter.com\/ZEK_Praha\/status\/1098527899450310656\" target=\"_blank\">https:\/\/twitter.com\/ZEK_Praha\/status\/1098527899450310656<\/a><br>&nbsp; <\/figcaption><\/figure>\n\n\n\n<p class=\"wp-block-paragraph\">V\u017edy\u0165 je to jen doporu\u010den\u00ed a n\u00e1vrh, a nic v\u00e1m nezakazujeme (dokud v\u00e1m to nezak\u00e1\u017eeme&nbsp;<\/p>\n\n\n\n<p class=\"wp-block-paragraph\">Tomu se d\u00e1 v\u011b\u0159it asi jako Smol\u00ed\u010dek Jezink\u00e1m, kdy\u017e samotn\u00fd \u0161\u00e9f Evropsk\u00e9 komise Jean Claude Juncker shrnuje hlavn\u00ed principy a triky bruselsk\u00e9 politiky takto:<\/p>\n\n\n\n<p class=\"wp-block-paragraph\">\u00bb Na n\u011b\u010dem se dohodneme, nech\u00e1me to le\u017eet a \u010dek\u00e1me, co se stane. Pokud nikdo nezap\u0159\u00ed\u010din\u00ed rozruch, proto\u017ee v\u011bt\u0161ina lid\u00ed nerozum\u00ed tomu, co bylo rozhodnuto, pokra\u010dujeme krok za krokem, dokud nen\u00ed cesty zp\u011bt \u00ab<\/p>\n\n\n\n<p class=\"wp-block-paragraph\">(zdroj\u00a0<a rel=\"noreferrer noopener\" href=\"http:\/\/www.welt.de\/wirtschaft\/article112948572\/Junckers-Tricks-in-den-langen-Bruesseler-Naechten.html\" target=\"_blank\">www.welt.de\/wirtschaft\/article112948572\/Junckers-Tricks-in-den-langen-Bruesseler-Naechten.html<\/a> \u00a0nebo <a href=\"http:\/\/www.spiegel.de\/spiegel\/print\/d-15317086.html\">http:\/\/www.spiegel.de\/spiegel\/print\/d-15317086.html<\/a> )<\/p>\n\n\n\n<p class=\"wp-block-paragraph\">Lid\u00e9 u\u017e prost\u011b nev\u011b\u0159\u00ed t\u011bm zleh\u010duj\u00edc\u00edm &#8222;uji\u0161t\u011bn\u00edm&#8220; EK, kter\u00e1 d\u011bl\u00e1 inflaci uji\u0161t\u011bn\u00ed, a tvrd\u00ed to prakticky u ka\u017ed\u00e9 kontroverzn\u00ed restrikce, \u017ee &#8222;se to b\u011b\u017en\u00fdch lid\u00ed nedotkne&#8220;. Lid\u00e9 nejsou hloup\u00ed, a v\u00ed \u017ee m\u00edt u sebe n\u016f\u017e v \u0159ad\u011b st\u00e1t\u016f EU je plo\u0161n\u011b zak\u00e1z\u00e1no (a tyto st\u00e1ty pak d\u00e1le navrhuj\u00ed a podporuj\u00ed celoevropsk\u00fd z\u00e1kaz). Nap\u0159. je t\u00edm proslul\u00e1 Francie nebo Velk\u00e1 Brit\u00e1nie, tedy zem\u011b, kter\u00e9 se p\u0159es ve\u0161ker\u00e9 d\u00e1vn\u00e9 z\u00e1kazy leg\u00e1ln\u00edch paln\u00fdch zbran\u00ed i no\u017e\u016f, na rozd\u00edl od n\u00e1s, pot\u00e1c\u00ed a\u017e p\u00e1t\u00e9 des\u00edtce zem\u00ed v bezpe\u010dnosti za Sierrou Leone a Ghanou. Lid\u00e9 si u\u017e d\u00e1vno uv\u011bdomuj\u00ed, \u017ee tyto z\u00e1kazy jsou kontraprodukt\u00edvn\u00ed, v\u017edy \u0161ikanuj\u00ed jen oby\u010dejn\u00e9 slu\u0161n\u00e9 u\u017eivatele no\u017e\u016f resp. leg\u00e1ln\u00ed dr\u017eitele zbran\u00ed, neb zlo\u010dinec se z\u00e1kony ne\u0159\u00edd\u00ed, a terorista si v\u017edycky zbra\u0148 \u010di n\u016f\u017e najde, jak vidno u teroristick\u00fdch \u00fatok\u016f v Lond\u00fdn\u011b, Pa\u0159\u00ed\u017ei, N\u011bmecku i jinde. Lid\u00e9, co n\u00e1m p\u00ed\u0161\u00ed, to vn\u00edmaj\u00ed jako velmi trapn\u00e9, kdy\u017e &#8222;v\u00fdbor pro terorismus&#8220; \u0159e\u0161\u00ed \u0161ikan\u00f3zn\u00ed n\u00e1vrhy oby\u010dejn\u00fdch lid\u00ed, m\u00edsto aby se zam\u011b\u0159il na opravdov\u00e9 teroristy, na kter\u00e9 jsou kr\u00e1tc\u00ed. Terorist\u00e9 se takov\u00fdmto opat\u0159en\u00edm jen sm\u011bj\u00ed, proto\u017ee pak u\u017e mohou p\u00e1chat, co cht\u011bj\u00ed, proto\u017ee hol\u00fdma rukama je u\u017e nikdo nezastav\u00ed.<\/p>\n\n\n\n<p class=\"wp-block-paragraph\">Lid\u00e9 tak\u00e9 znaj\u00ed sal\u00e1movou metodu hojn\u011b pou\u017e\u00edvanou v org\u00e1nech EU, v\u00ed, \u017ee v\u017edycky je n\u011bco ze za\u010d\u00e1tku jen n\u00e1vrh, a od n\u00e1vrhu je v EU jen kr\u016f\u010dek ke sm\u011brnici nebo na\u0159\u00edzen\u00ed.<\/p>\n\n\n\n<p class=\"wp-block-paragraph\">Nen\u00ed pak divu, \u017ee v\u011bt\u0161ina pr\u016fzkum\u016f m\u00edn\u011bn\u00ed tvrd\u00ed, \u017ee terorismus, migrace a s t\u00edm souvisej\u00edc\u00ed bezpe\u010dnost jsou prim\u00e1rn\u00edmi t\u00e9maty nadch\u00e1zej\u00edc\u00edch Eurovoleb<\/p>\n\n\n\n<p class=\"wp-block-paragraph\">Pro dal\u0161\u00ed podrobnosti a vyj\u00e1d\u0159en\u00ed n\u00e1s kdykoliv kontaktujte tel. 777 071722<\/p>\n\n\n\n<p class=\"wp-block-paragraph\">S pozdravem<\/p>\n\n\n\n<p class=\"wp-block-paragraph\">Dr. Bohumil Straka<\/p>\n\n\n\n<hr class=\"wp-block-separator\"\/>\n\n\n\n<p class=\"wp-block-paragraph\">Dle Evropsk\u00e9 komise zdroj &#8222;nespr\u00e1vn\u00e9ho tvrzen\u00ed&#8220;:&nbsp;<a rel=\"noreferrer noopener\" href=\"http:\/\/www.denik.cz\/\" target=\"_blank\">www.denik.cz<\/a><\/p>\n\n\n\n<figure class=\"wp-block-image\"><img data-recalc-dims=\"1\" loading=\"lazy\" decoding=\"async\" width=\"393\" height=\"600\" data-attachment-id=\"1871\" data-permalink=\"https:\/\/ligalibe.cz\/en\/2019\/02\/20\/detailni-informace-ligy-libe-k-rizeni-o-ceske-zalobe-na-neplatnost-zbranove-smernice\/image001\/\" data-orig-file=\"https:\/\/i0.wp.com\/ligalibe.cz\/wp-content\/uploads\/2019\/02\/image001.jpg?fit=393%2C600&amp;ssl=1\" data-orig-size=\"393,600\" data-comments-opened=\"1\" data-image-meta=\"{&quot;aperture&quot;:&quot;0&quot;,&quot;credit&quot;:&quot;&quot;,&quot;camera&quot;:&quot;&quot;,&quot;caption&quot;:&quot;&quot;,&quot;created_timestamp&quot;:&quot;0&quot;,&quot;copyright&quot;:&quot;&quot;,&quot;focal_length&quot;:&quot;0&quot;,&quot;iso&quot;:&quot;0&quot;,&quot;shutter_speed&quot;:&quot;0&quot;,&quot;title&quot;:&quot;&quot;,&quot;orientation&quot;:&quot;0&quot;}\" data-image-title=\"image001\" data-image-description=\"\" data-image-caption=\"\" data-large-file=\"https:\/\/i0.wp.com\/ligalibe.cz\/wp-content\/uploads\/2019\/02\/image001.jpg?fit=393%2C600&amp;ssl=1\" src=\"https:\/\/i0.wp.com\/ligalibe.cz\/wp-content\/uploads\/2019\/02\/image001.jpg?resize=393%2C600&#038;ssl=1\" alt=\"\" class=\"wp-image-1871\" srcset=\"https:\/\/i0.wp.com\/ligalibe.cz\/wp-content\/uploads\/2019\/02\/image001.jpg?w=393&amp;ssl=1 393w, https:\/\/i0.wp.com\/ligalibe.cz\/wp-content\/uploads\/2019\/02\/image001.jpg?resize=197%2C300&amp;ssl=1 197w\" sizes=\"auto, (max-width: 393px) 100vw, 393px\" \/><\/figure>\n\n\n\n<figure class=\"wp-block-embed-facebook wp-block-embed is-type-rich is-provider-facebook\"><div class=\"wp-block-embed__wrapper\">\n<div class=\"fb-post\" data-href=\"https:\/\/www.facebook.com\/LIGA.LIBE\/posts\/2543970882281192\" data-width=\"552\" style=\"background-color: #fff; display: inline-block;\"><\/div>\n<\/div><\/figure>","protected":false},"excerpt":{"rendered":"<p>A titul hoaxer roku z\u00edsk\u00e1v\u00e1 pan europoslanec Zdechovsk\u00fd (KDU-\u010cSL) s podporu Evropsk\u00e9 komise \ud83d\ude42 aneb kr\u00e1jet sal\u00e1m, a zatloukat, zatloukat&#8230;<\/p>","protected":false},"author":140239199,"featured_media":0,"comment_status":"open","ping_status":"open","sticky":false,"template":"","format":"standard","meta":{"_jetpack_newsletter_access":"","_jetpack_dont_email_post_to_subs":false,"_jetpack_newsletter_tier_id":0,"_jetpack_memberships_contains_paywalled_content":false,"_wpcom_ai_launchpad_first_post":false,"_jetpack_feature_clip_id":0,"_jetpack_memberships_contains_paid_content":false,"footnotes":"","jetpack_publicize_message":"{title}\n\n{excerpt}\n\n{url}","jetpack_publicize_feature_enabled":true,"jetpack_social_post_already_shared":true,"jetpack_social_options":{"image_generator_settings":{"template":"highway","default_image_id":0,"font":"","enabled":false},"version":2},"_wpas_customize_per_network":false,"jetpack_post_was_ever_published":false},"categories":[438743],"tags":[],"class_list":["post-1864","post","type-post","status-publish","format-standard","hentry","category-aktuality"],"jetpack_publicize_connections":[],"jetpack_likes_enabled":true,"jetpack_sharing_enabled":true,"jetpack_shortlink":"https:\/\/wp.me\/p9ZdzN-u4","amp_enabled":true,"jetpack_featured_media_url":"","_links":{"self":[{"href":"https:\/\/ligalibe.cz\/en\/wp-json\/wp\/v2\/posts\/1864","targetHints":{"allow":["GET"]}}],"collection":[{"href":"https:\/\/ligalibe.cz\/en\/wp-json\/wp\/v2\/posts"}],"about":[{"href":"https:\/\/ligalibe.cz\/en\/wp-json\/wp\/v2\/types\/post"}],"author":[{"embeddable":true,"href":"https:\/\/ligalibe.cz\/en\/wp-json\/wp\/v2\/users\/140239199"}],"replies":[{"embeddable":true,"href":"https:\/\/ligalibe.cz\/en\/wp-json\/wp\/v2\/comments?post=1864"}],"version-history":[{"count":4,"href":"https:\/\/ligalibe.cz\/en\/wp-json\/wp\/v2\/posts\/1864\/revisions"}],"predecessor-version":[{"id":1873,"href":"https:\/\/ligalibe.cz\/en\/wp-json\/wp\/v2\/posts\/1864\/revisions\/1873"}],"wp:attachment":[{"href":"https:\/\/ligalibe.cz\/en\/wp-json\/wp\/v2\/media?parent=1864"}],"wp:term":[{"taxonomy":"category","embeddable":true,"href":"https:\/\/ligalibe.cz\/en\/wp-json\/wp\/v2\/categories?post=1864"},{"taxonomy":"post_tag","embeddable":true,"href":"https:\/\/ligalibe.cz\/en\/wp-json\/wp\/v2\/tags?post=1864"}],"curies":[{"name":"wp","href":"https:\/\/api.w.org\/{rel}","templated":true}]}}